{"id":25263,"date":"2025-05-13T12:32:22","date_gmt":"2025-05-13T15:32:22","guid":{"rendered":"https:\/\/fadeweb.uncoma.edu.ar\/?p=25263"},"modified":"2025-05-13T12:32:22","modified_gmt":"2025-05-13T15:32:22","slug":"la-fadecs-firmo-acuerdo-que-favorece-las-practicas-profesionalizantes","status":"publish","type":"post","link":"https:\/\/fadeweb.uncoma.edu.ar\/index.php\/2025\/05\/13\/la-fadecs-firmo-acuerdo-que-favorece-las-practicas-profesionalizantes\/","title":{"rendered":"LA FADECS FIRM\u00d3 ACUERDO QUE FAVORECE LAS PR\u00c1CTICAS PROFESIONALIZANTES"},"content":{"rendered":"<p><img fetchpriority=\"high\" decoding=\"async\" class=\"alignnone wp-image-25264\" src=\"https:\/\/fadeweb.uncoma.edu.ar\/wp-content\/uploads\/2025\/05\/Desarrollo-Laboral.jpg\" alt=\"LA FADECS FIRMA ACUERDO QUE FAVORECE LAS PR\u00c1CTICAS PROFESIONALIZANTES\" width=\"600\" height=\"400\" srcset=\"https:\/\/fadeweb.uncoma.edu.ar\/wp-content\/uploads\/2025\/05\/Desarrollo-Laboral.jpg 992w, https:\/\/fadeweb.uncoma.edu.ar\/wp-content\/uploads\/2025\/05\/Desarrollo-Laboral-300x200.jpg 300w, https:\/\/fadeweb.uncoma.edu.ar\/wp-content\/uploads\/2025\/05\/Desarrollo-Laboral-768x512.jpg 768w\" sizes=\"(max-width: 600px) 100vw, 600px\" \/><\/p>\n<p>El decano de la FADECS-UNCo Juan Carlos Fern\u00e1ndez y el Ministerio de Trabajo y Desarrollo Laboral de la provincia de Neuqu\u00e9n Lucas Alberto Castelli, firmaron el lunes 12 de mayo un Convenio Espec\u00edfico para llevar adelante el Proyecto de Pr\u00e1ctica Profesional no rentada de la carrera de Licenciatura en Servicio Social para la c\u00e1tedra de Grupo, y un Acuerdo Operativo de la Asignatura \u201cSeminario de Servicio Social con Residencia Institucional\u201d.<\/p>\n<p>Asistieron a la firma, el secretario acad\u00e9mico Ra\u00fal Franco, el docente titular del Seminario de Servicio Social Institucional C\u00e1tedra I de la Licenciatura en Servicio Social Cristian G\u00f3mez, la subsecretaria de Promoci\u00f3n de Empleo y Formaci\u00f3n Profesional Julieta Cuevas y la directora de Orientaci\u00f3n y Tutor\u00edas Mariana Bergmann.<\/p>\n<p>El convenio establece un marco de colaboraci\u00f3n y articulaci\u00f3n interinstitucional entre nuestra casa de estudios y el ministerio neuquino con el fin de promover la cooperaci\u00f3n rec\u00edproca en el desarrollo de actividades y proyectos que contribuyan a la formaci\u00f3n y el fortalecimiento de pol\u00edticas laborales en la regi\u00f3n.<\/p>\n<p>El programa provincial tiene como objetivo mejorar las condiciones de empleabilidad y la inclusi\u00f3n laboral a trav\u00e9s de acciones de intermediaci\u00f3n laboral y formativa para la mejora y sostenimiento del empleo. En tal sentido, la FADECS convino en desarrollar acciones conjuntas, que permitan que las y los estudiantes de la UNCo realicen pr\u00e1cticas profesionalizantes, con la posibilidad de conocer situaciones sociales en torno al mundo del trabajo, reflexionar conjuntamente, dise\u00f1ar estrategias, metodolog\u00edas y t\u00e9cnicas de intervenci\u00f3n.<\/p>\n","protected":false},"excerpt":{"rendered":"<p>El decano de la FADECS-UNCo Juan Carlos Fern\u00e1ndez y el Ministerio de Trabajo y Desarrollo Laboral de la provincia de Neuqu\u00e9n Lucas Alberto Castelli, firmaron el lunes 12 de mayo un Convenio Espec\u00edfico para llevar adelante el Proyecto de Pr\u00e1ctica Profesional no rentada de la carrera de Licenciatura en Servicio Social para la c\u00e1tedra de [&hellip;]<\/p>\n","protected":false},"author":4,"featured_media":25264,"comment_status":"closed","ping_status":"closed","sticky":false,"template":"","format":"standard","meta":{"footnotes":""},"categories":[5],"tags":[],"class_list":["post-25263","post","type-post","status-publish","format-standard","has-post-thumbnail","hentry","category-notifadecs"],"_links":{"self":[{"href":"https:\/\/fadeweb.uncoma.edu.ar\/index.php\/wp-json\/wp\/v2\/posts\/25263","targetHints":{"allow":["GET"]}}],"collection":[{"href":"https:\/\/fadeweb.uncoma.edu.ar\/index.php\/wp-json\/wp\/v2\/posts"}],"about":[{"href":"https:\/\/fadeweb.uncoma.edu.ar\/index.php\/wp-json\/wp\/v2\/types\/post"}],"author":[{"embeddable":true,"href":"https:\/\/fadeweb.uncoma.edu.ar\/index.php\/wp-json\/wp\/v2\/users\/4"}],"replies":[{"embeddable":true,"href":"https:\/\/fadeweb.uncoma.edu.ar\/index.php\/wp-json\/wp\/v2\/comments?post=25263"}],"version-history":[{"count":1,"href":"https:\/\/fadeweb.uncoma.edu.ar\/index.php\/wp-json\/wp\/v2\/posts\/25263\/revisions"}],"predecessor-version":[{"id":25265,"href":"https:\/\/fadeweb.uncoma.edu.ar\/index.php\/wp-json\/wp\/v2\/posts\/25263\/revisions\/25265"}],"wp:featuredmedia":[{"embeddable":true,"href":"https:\/\/fadeweb.uncoma.edu.ar\/index.php\/wp-json\/wp\/v2\/media\/25264"}],"wp:attachment":[{"href":"https:\/\/fadeweb.uncoma.edu.ar\/index.php\/wp-json\/wp\/v2\/media?parent=25263"}],"wp:term":[{"taxonomy":"category","embeddable":true,"href":"https:\/\/fadeweb.uncoma.edu.ar\/index.php\/wp-json\/wp\/v2\/categories?post=25263"},{"taxonomy":"post_tag","embeddable":true,"href":"https:\/\/fadeweb.uncoma.edu.ar\/index.php\/wp-json\/wp\/v2\/tags?post=25263"}],"curies":[{"name":"wp","href":"https:\/\/api.w.org\/{rel}","templated":true}]}}