{"id":25139,"date":"2025-05-08T13:52:13","date_gmt":"2025-05-08T16:52:13","guid":{"rendered":"https:\/\/fadeweb.uncoma.edu.ar\/?p=25139"},"modified":"2025-05-30T11:48:38","modified_gmt":"2025-05-30T14:48:38","slug":"jornadas-10-anos-de-ni-una-menos-impactos-en-el-derecho","status":"publish","type":"post","link":"https:\/\/fadeweb.uncoma.edu.ar\/index.php\/2025\/05\/08\/jornadas-10-anos-de-ni-una-menos-impactos-en-el-derecho\/","title":{"rendered":"JORNADAS \u201c10 A\u00d1OS DE NI UNA MENOS: IMPACTOS EN EL DERECHO\u201d"},"content":{"rendered":"<p><img fetchpriority=\"high\" decoding=\"async\" class=\"alignnone wp-image-25140\" src=\"https:\/\/fadeweb.uncoma.edu.ar\/wp-content\/uploads\/2025\/05\/10-anos-de-Ni-Una-Menos-819x1024.jpg\" alt=\"JORNADAS \u201c10 A\u00d1OS DE NI UNA MENOS: IMPACTOS EN EL DERECHO\u201d\" width=\"480\" height=\"600\" srcset=\"https:\/\/fadeweb.uncoma.edu.ar\/wp-content\/uploads\/2025\/05\/10-anos-de-Ni-Una-Menos-819x1024.jpg 819w, https:\/\/fadeweb.uncoma.edu.ar\/wp-content\/uploads\/2025\/05\/10-anos-de-Ni-Una-Menos-240x300.jpg 240w, https:\/\/fadeweb.uncoma.edu.ar\/wp-content\/uploads\/2025\/05\/10-anos-de-Ni-Una-Menos-768x960.jpg 768w, https:\/\/fadeweb.uncoma.edu.ar\/wp-content\/uploads\/2025\/05\/10-anos-de-Ni-Una-Menos.jpg 1080w\" sizes=\"(max-width: 480px) 100vw, 480px\" \/><\/p>\n<p>La Secretar\u00eda de Extensi\u00f3n invita a participar de las <strong>Jornadas \u201c10 a\u00f1os de Ni Una Menos: impactos en el derecho\u201d<\/strong>, que se llevar\u00e1n a cabo el j<strong>ueves 5 y viernes 6 de junio de 2025 de 15 a 19:30 en el aula magna de la FADECS-UNCo<\/strong>. Las Jornadas ser\u00e1n abiertas a la comunidad educativa y en general y se desarrollar\u00e1n con modalidad de conversatorios, conferencias y talleres. Las mismas son organizadas por el Departamento de Derecho P\u00fablico, el Proyecto de Extensi\u00f3n \u00abFeminismos y Derechos en el Comahue\u00bb y la C\u00e1tedra de G\u00e9nero, Diversidad y Derecho de la FADECS.<\/p>\n<p>La actividad tendr\u00e1 como objetivo exponer, sistematizar y abordar el recorrido que ha tenido el Ni Una Menos desde el 3 de junio del 2015 hasta la actualidad, sin perder de vista que el acontecimiento inaugur\u00f3 una nueva etapa de problematizaci\u00f3n en las relaciones de g\u00e9nero en Argentina, a su vez que se expandi\u00f3 y nutri\u00f3 hacia y desde las luchas feministas de otros pa\u00edses<\/p>\n<p>Las Jornadas centran su importancia en hacer foco en el movimiento Ni Una Menos como piedra fundamental en la vida democr\u00e1tica argentina. Este llamado problematiz\u00f3 las relaciones de g\u00e9nero en las casas, en las plazas, en las aulas, en los trabajos, en los medios de comunicaci\u00f3n, por lo que cuenta con aval institucional de nuestra unidad acad\u00e9mica. Asimismo, cuentan con el auspicio del Colegio de Abogadas y Abogados General Roca. Se entregar\u00e1n certificados de asistencia.<\/p>\n<p><strong>La inscripci\u00f3n<\/strong> se realiza a trav\u00e9s del <a href=\"https:\/\/docs.google.com\/forms\/d\/e\/1FAIpQLSckIqaxE0ntQvGudqGDBwoWLuvDncBRGCYIpzz8wX8zzmI21Q\/viewform?usp=header\">siguiente formulario<\/a><\/p>\n<p><a href=\"https:\/\/fadeweb.uncoma.edu.ar\/wp-content\/uploads\/2025\/05\/PROGRAMA-10-anos-de-Ni-Una-Menos.pdf\">PROGRAMA 10 a\u00f1os de Ni Una Menos<\/a><\/p>\n","protected":false},"excerpt":{"rendered":"<p>La Secretar\u00eda de Extensi\u00f3n invita a participar de las Jornadas \u201c10 a\u00f1os de Ni Una Menos: impactos en el derecho\u201d, que se llevar\u00e1n a cabo el jueves 5 y viernes 6 de junio de 2025 de 15 a 19:30 en el aula magna de la FADECS-UNCo. Las Jornadas ser\u00e1n abiertas a la comunidad educativa y [&hellip;]<\/p>\n","protected":false},"author":4,"featured_media":25140,"comment_status":"closed","ping_status":"closed","sticky":false,"template":"","format":"standard","meta":{"footnotes":""},"categories":[5],"tags":[],"class_list":["post-25139","post","type-post","status-publish","format-standard","has-post-thumbnail","hentry","category-notifadecs"],"_links":{"self":[{"href":"https:\/\/fadeweb.uncoma.edu.ar\/index.php\/wp-json\/wp\/v2\/posts\/25139","targetHints":{"allow":["GET"]}}],"collection":[{"href":"https:\/\/fadeweb.uncoma.edu.ar\/index.php\/wp-json\/wp\/v2\/posts"}],"about":[{"href":"https:\/\/fadeweb.uncoma.edu.ar\/index.php\/wp-json\/wp\/v2\/types\/post"}],"author":[{"embeddable":true,"href":"https:\/\/fadeweb.uncoma.edu.ar\/index.php\/wp-json\/wp\/v2\/users\/4"}],"replies":[{"embeddable":true,"href":"https:\/\/fadeweb.uncoma.edu.ar\/index.php\/wp-json\/wp\/v2\/comments?post=25139"}],"version-history":[{"count":2,"href":"https:\/\/fadeweb.uncoma.edu.ar\/index.php\/wp-json\/wp\/v2\/posts\/25139\/revisions"}],"predecessor-version":[{"id":25425,"href":"https:\/\/fadeweb.uncoma.edu.ar\/index.php\/wp-json\/wp\/v2\/posts\/25139\/revisions\/25425"}],"wp:featuredmedia":[{"embeddable":true,"href":"https:\/\/fadeweb.uncoma.edu.ar\/index.php\/wp-json\/wp\/v2\/media\/25140"}],"wp:attachment":[{"href":"https:\/\/fadeweb.uncoma.edu.ar\/index.php\/wp-json\/wp\/v2\/media?parent=25139"}],"wp:term":[{"taxonomy":"category","embeddable":true,"href":"https:\/\/fadeweb.uncoma.edu.ar\/index.php\/wp-json\/wp\/v2\/categories?post=25139"},{"taxonomy":"post_tag","embeddable":true,"href":"https:\/\/fadeweb.uncoma.edu.ar\/index.php\/wp-json\/wp\/v2\/tags?post=25139"}],"curies":[{"name":"wp","href":"https:\/\/api.w.org\/{rel}","templated":true}]}}