{"id":25087,"date":"2025-05-08T12:31:14","date_gmt":"2025-05-08T15:31:14","guid":{"rendered":"https:\/\/fadeweb.uncoma.edu.ar\/?p=25087"},"modified":"2025-05-08T12:31:14","modified_gmt":"2025-05-08T15:31:14","slug":"inscripcion-a-talleres-upami-2025","status":"publish","type":"post","link":"https:\/\/fadeweb.uncoma.edu.ar\/index.php\/2025\/05\/08\/inscripcion-a-talleres-upami-2025\/","title":{"rendered":"INSCRIPCI\u00d3N A TALLERES UPAMI 2025"},"content":{"rendered":"<p><img fetchpriority=\"high\" decoding=\"async\" class=\"alignnone wp-image-25088\" src=\"https:\/\/fadeweb.uncoma.edu.ar\/wp-content\/uploads\/2025\/05\/talleres-2025-1-819x1024.jpg\" alt=\"INSCRIPCI\u00d3N A TALLERES UPAMI 2025\" width=\"480\" height=\"600\" srcset=\"https:\/\/fadeweb.uncoma.edu.ar\/wp-content\/uploads\/2025\/05\/talleres-2025-1-819x1024.jpg 819w, https:\/\/fadeweb.uncoma.edu.ar\/wp-content\/uploads\/2025\/05\/talleres-2025-1-240x300.jpg 240w, https:\/\/fadeweb.uncoma.edu.ar\/wp-content\/uploads\/2025\/05\/talleres-2025-1-768x960.jpg 768w, https:\/\/fadeweb.uncoma.edu.ar\/wp-content\/uploads\/2025\/05\/talleres-2025-1.jpg 1080w\" sizes=\"(max-width: 480px) 100vw, 480px\" \/><\/p>\n<p class=\"\" data-start=\"44\" data-end=\"222\">La Secretar\u00eda de Extensi\u00f3n de la FADECS-UNCo informa que la inscripci\u00f3n a los talleres UPAMI 2025 est\u00e1 abierta desde el 8\/5 hasta el 31\/5.<\/p>\n<p class=\"\" data-start=\"224\" data-end=\"329\">Los talleres con los que contaremos en esta oportunidad ser\u00e1n de modalidad virtual, y son los siguientes:<\/p>\n<ul data-start=\"331\" data-end=\"557\">\n<li class=\"\" data-start=\"331\" data-end=\"381\">\n<p class=\"\" data-start=\"333\" data-end=\"381\">Estimulaci\u00f3n cognitiva, docente Mauro Huenchul<\/p>\n<\/li>\n<li class=\"\" data-start=\"382\" data-end=\"430\">\n<p class=\"\" data-start=\"384\" data-end=\"430\">La juntada literaria, docente Mauro Moschini<\/p>\n<\/li>\n<li class=\"\" data-start=\"431\" data-end=\"492\">\n<p class=\"\" data-start=\"433\" data-end=\"492\">Inform\u00e1tica y celular nivel inicial, docente Diego Iraldi<\/p>\n<\/li>\n<li class=\"\" data-start=\"493\" data-end=\"557\">\n<p class=\"\" data-start=\"495\" data-end=\"557\">Inform\u00e1tica y celular nivel intermedio, docente Diego Iraldi<\/p>\n<\/li>\n<\/ul>\n<p class=\"\" data-start=\"559\" data-end=\"606\">Las inscripciones se podr\u00e1n realizar de manera:<\/p>\n<p class=\"\" data-start=\"608\" data-end=\"738\"><strong data-start=\"608\" data-end=\"622\">PRESENCIAL<\/strong>, en la sede de PAMI (esquina de 9 de Julio y Belgrano de General Roca), del 8 de mayo al 31 de mayo, de 10 a 14 hs.<\/p>\n<p class=\"\" data-start=\"740\" data-end=\"827\"><strong data-start=\"740\" data-end=\"755\">Por CELULAR<\/strong> al 2932 411793 (Sabrina) o al correo electr\u00f3nico: <a class=\"cursor-pointer\" href=\"mailto:upamifadecs@gmail.com\" rel=\"noopener\" data-start=\"806\" data-end=\"827\">upamifadecs@gmail.com<\/a><\/p>\n<p class=\"\" data-start=\"829\" data-end=\"938\">Los talleres comenzar\u00e1n a dictarse siempre que cuenten con la cantidad de inscriptos necesarios para iniciar.<\/p>\n<p class=\"\" data-start=\"940\" data-end=\"1082\">Por cualquier duda, consultas o informaci\u00f3n sobre los diferentes talleres, comun\u00edcate al correo <a class=\"cursor-pointer\" rel=\"noopener\" data-start=\"1036\" data-end=\"1057\">upamifadecs@gmail.com<\/a> o al n\u00famero 2932 411793.<\/p>\n<p class=\"\" data-start=\"1084\" data-end=\"1336\">Dado el contexto social, educativo y cultural actual, creemos que es muy importante mantener estos espacios en nuestra facultad. Por ello, hacemos extensiva la invitaci\u00f3n a participar en los diferentes cursos con los que contamos. \u00a1Los y las esperamos!<\/p>\n","protected":false},"excerpt":{"rendered":"<p>La Secretar\u00eda de Extensi\u00f3n de la FADECS-UNCo informa que la inscripci\u00f3n a los talleres UPAMI 2025 est\u00e1 abierta desde el 8\/5 hasta el 31\/5. Los talleres con los que contaremos en esta oportunidad ser\u00e1n de modalidad virtual, y son los siguientes: Estimulaci\u00f3n cognitiva, docente Mauro Huenchul La juntada literaria, docente Mauro Moschini Inform\u00e1tica y celular [&hellip;]<\/p>\n","protected":false},"author":4,"featured_media":25088,"comment_status":"closed","ping_status":"closed","sticky":false,"template":"","format":"standard","meta":{"footnotes":""},"categories":[5,75],"tags":[],"class_list":["post-25087","post","type-post","status-publish","format-standard","has-post-thumbnail","hentry","category-notifadecs","category-upami"],"_links":{"self":[{"href":"https:\/\/fadeweb.uncoma.edu.ar\/index.php\/wp-json\/wp\/v2\/posts\/25087","targetHints":{"allow":["GET"]}}],"collection":[{"href":"https:\/\/fadeweb.uncoma.edu.ar\/index.php\/wp-json\/wp\/v2\/posts"}],"about":[{"href":"https:\/\/fadeweb.uncoma.edu.ar\/index.php\/wp-json\/wp\/v2\/types\/post"}],"author":[{"embeddable":true,"href":"https:\/\/fadeweb.uncoma.edu.ar\/index.php\/wp-json\/wp\/v2\/users\/4"}],"replies":[{"embeddable":true,"href":"https:\/\/fadeweb.uncoma.edu.ar\/index.php\/wp-json\/wp\/v2\/comments?post=25087"}],"version-history":[{"count":1,"href":"https:\/\/fadeweb.uncoma.edu.ar\/index.php\/wp-json\/wp\/v2\/posts\/25087\/revisions"}],"predecessor-version":[{"id":25089,"href":"https:\/\/fadeweb.uncoma.edu.ar\/index.php\/wp-json\/wp\/v2\/posts\/25087\/revisions\/25089"}],"wp:featuredmedia":[{"embeddable":true,"href":"https:\/\/fadeweb.uncoma.edu.ar\/index.php\/wp-json\/wp\/v2\/media\/25088"}],"wp:attachment":[{"href":"https:\/\/fadeweb.uncoma.edu.ar\/index.php\/wp-json\/wp\/v2\/media?parent=25087"}],"wp:term":[{"taxonomy":"category","embeddable":true,"href":"https:\/\/fadeweb.uncoma.edu.ar\/index.php\/wp-json\/wp\/v2\/categories?post=25087"},{"taxonomy":"post_tag","embeddable":true,"href":"https:\/\/fadeweb.uncoma.edu.ar\/index.php\/wp-json\/wp\/v2\/tags?post=25087"}],"curies":[{"name":"wp","href":"https:\/\/api.w.org\/{rel}","templated":true}]}}