{"id":25070,"date":"2025-05-06T13:06:04","date_gmt":"2025-05-06T16:06:04","guid":{"rendered":"https:\/\/fadeweb.uncoma.edu.ar\/?p=25070"},"modified":"2025-05-08T12:28:59","modified_gmt":"2025-05-08T15:28:59","slug":"jornadas-preparatorias-del-xvi-congreso-argentino-de-derecho-y-xii-congreso-iberoamericano-de-derecho-societario-y-de-la-empresa-a-realizarse-en-fadecs-unco-general-roca-rio-negro","status":"publish","type":"post","link":"https:\/\/fadeweb.uncoma.edu.ar\/index.php\/2025\/05\/06\/jornadas-preparatorias-del-xvi-congreso-argentino-de-derecho-y-xii-congreso-iberoamericano-de-derecho-societario-y-de-la-empresa-a-realizarse-en-fadecs-unco-general-roca-rio-negro\/","title":{"rendered":"JORNADAS PREPARATORIAS DEL XVI CONGRESO ARGENTINO DE DERECHO Y XII CONGRESO IBEROAMERICANO DE DERECHO SOCIETARIO Y DE LA EMPRESA, A REALIZARSE EN FADECS-UNCO, GENERAL ROCA, R\u00cdO NEGRO"},"content":{"rendered":"<p><img fetchpriority=\"high\" decoding=\"async\" class=\"alignnone wp-image-25083\" src=\"https:\/\/fadeweb.uncoma.edu.ar\/wp-content\/uploads\/2025\/05\/JORNADAS-PREPARATORIAS-FLYER-2-819x1024.jpg\" alt=\"\" width=\"480\" height=\"600\" srcset=\"https:\/\/fadeweb.uncoma.edu.ar\/wp-content\/uploads\/2025\/05\/JORNADAS-PREPARATORIAS-FLYER-2-819x1024.jpg 819w, https:\/\/fadeweb.uncoma.edu.ar\/wp-content\/uploads\/2025\/05\/JORNADAS-PREPARATORIAS-FLYER-2-240x300.jpg 240w, https:\/\/fadeweb.uncoma.edu.ar\/wp-content\/uploads\/2025\/05\/JORNADAS-PREPARATORIAS-FLYER-2-768x960.jpg 768w, https:\/\/fadeweb.uncoma.edu.ar\/wp-content\/uploads\/2025\/05\/JORNADAS-PREPARATORIAS-FLYER-2.jpg 1080w\" sizes=\"(max-width: 480px) 100vw, 480px\" \/> <img decoding=\"async\" class=\"alignnone wp-image-25085\" src=\"https:\/\/fadeweb.uncoma.edu.ar\/wp-content\/uploads\/2025\/05\/JORNADAS-PREPARATORIAS-PROGRAMA-819x1024.jpg\" alt=\"\" width=\"480\" height=\"600\" srcset=\"https:\/\/fadeweb.uncoma.edu.ar\/wp-content\/uploads\/2025\/05\/JORNADAS-PREPARATORIAS-PROGRAMA-819x1024.jpg 819w, https:\/\/fadeweb.uncoma.edu.ar\/wp-content\/uploads\/2025\/05\/JORNADAS-PREPARATORIAS-PROGRAMA-240x300.jpg 240w, https:\/\/fadeweb.uncoma.edu.ar\/wp-content\/uploads\/2025\/05\/JORNADAS-PREPARATORIAS-PROGRAMA-768x960.jpg 768w, https:\/\/fadeweb.uncoma.edu.ar\/wp-content\/uploads\/2025\/05\/JORNADAS-PREPARATORIAS-PROGRAMA.jpg 1080w\" sizes=\"(max-width: 480px) 100vw, 480px\" \/><\/p>\n<p>Las jornadas se realizar\u00e1n en <strong>el auditorio de la FADECS el 19 de mayo de 2025, de 14 a 17, con modalidad h\u00edbrida<\/strong>, y son organizadas por el Departamento de Derecho Privado de Abogac\u00eda, a cargo de la Dra. Ana Zinkgr\u00e4f.<\/p>\n<p>Las palabras de apertura de las jornadas estar\u00e1n a cargo del Decano de la FADECS Dr. Juan Carlos Fern\u00e1ndez y del Dr. Horacio Madkur, Director Acad\u00e9mico del Congreso de Tucum\u00e1n.<\/p>\n<p>Ser\u00e1n moderadoras la Dra. Adriana Carrequiriborde y la Dra. Claudia Dalicandro.<\/p>\n<p><strong>Expondr\u00e1n<\/strong><\/p>\n<ul>\n<li>Dra. Mar\u00eda Fernanda Cocco (profesora adjunta de la Universidad Nacional de C\u00f3rdoba), <strong>Oponibilidad de las sociedades de la secci\u00f3n IV<\/strong>.<br \/>\n<hr \/>\n<\/li>\n<li>Dr. Mart\u00edn Arecha (ex Juez de la CNCom), <strong><strong>Transformaci\u00f3n de las sociedades regulares en sociedades Secci\u00f3n IV a la luz Res. 5\/2025 IGJ.<\/strong><\/strong><br \/>\n<hr \/>\n<\/li>\n<li>Dra. Lucia Spagnolo (profesora adjunta de la Universidad Nacional de Jos\u00e9 C. Paz), <strong><strong>Apostillas del Caso Zuccardi.<\/strong><\/strong><br \/>\n<hr \/>\n<\/li>\n<li>Dr. Francisco L\u00f3pez Raffo (profesor Posgrado de la Universidad Austral), <strong><strong>Notas de actualidad en materia de desestimaci\u00f3n de la personalidad jur\u00eddica.<\/strong><\/strong><br \/>\n<hr \/>\n<\/li>\n<li>Dra. Mariela Garabito (profesora de la Facultad de Derecho y Ciencias Sociales), <strong><strong>La intervenci\u00f3n de las sociedades comerciales y las vulnerabilidades.<\/strong><\/strong><br \/>\n<hr \/>\n<\/li>\n<li>Dra. Patricia Fern\u00e1ndez de Andreani (docente de la UBA), <strong>Los aportes CCyCN a las Empresas Familares<\/strong>.<br \/>\n<hr \/>\n<\/li>\n<li>Dr. Dante Cracogna (Profesor Honorario de la Universidad Nacional de La Pampa), <strong>Las transformaciones del derecho societario y la econom\u00eda social.<\/strong><\/li>\n<\/ul>\n<p><strong>El cierre de las jornadas estar\u00e1 a cargo<\/strong><\/p>\n<ul>\n<li>del Dr. Dante Cracogna, co Redactor de la Ley de cooperativas, forma parte del Grupo Asesor Jur\u00eddico de la Alianza Cooperativa Internacional y profesor de las m\u00e1s destacadas universidades nacionales; y de la<br \/>\n<hr \/>\n<\/li>\n<li>Dra. Patricia Fern\u00e1ndez de Andreani, docente de la UBA y a cargo de la c\u00e1tedra Personas Jur\u00eddicas de la Facultad de Derecho y Ciencias Sociales.<\/li>\n<\/ul>\n<p><a href=\"https:\/\/docs.google.com\/forms\/d\/e\/1FAIpQLSfIfhztGYgo4xladOe7ddn55wUQS6YhsFZJuNWT8uqQurz9nQ\/viewform?usp=header\"><strong>Formulario de inscripci\u00f3n.<\/strong><\/a><\/p>\n","protected":false},"excerpt":{"rendered":"<p>Las jornadas se realizar\u00e1n en el auditorio de la FADECS el 19 de mayo de 2025, de 14 a 17, con modalidad h\u00edbrida, y son organizadas por el Departamento de Derecho Privado de Abogac\u00eda, a cargo de la Dra. Ana Zinkgr\u00e4f. Las palabras de apertura de las jornadas estar\u00e1n a cargo del Decano de la [&hellip;]<\/p>\n","protected":false},"author":4,"featured_media":25071,"comment_status":"closed","ping_status":"closed","sticky":false,"template":"","format":"standard","meta":{"footnotes":""},"categories":[5],"tags":[],"class_list":["post-25070","post","type-post","status-publish","format-standard","has-post-thumbnail","hentry","category-notifadecs"],"_links":{"self":[{"href":"https:\/\/fadeweb.uncoma.edu.ar\/index.php\/wp-json\/wp\/v2\/posts\/25070","targetHints":{"allow":["GET"]}}],"collection":[{"href":"https:\/\/fadeweb.uncoma.edu.ar\/index.php\/wp-json\/wp\/v2\/posts"}],"about":[{"href":"https:\/\/fadeweb.uncoma.edu.ar\/index.php\/wp-json\/wp\/v2\/types\/post"}],"author":[{"embeddable":true,"href":"https:\/\/fadeweb.uncoma.edu.ar\/index.php\/wp-json\/wp\/v2\/users\/4"}],"replies":[{"embeddable":true,"href":"https:\/\/fadeweb.uncoma.edu.ar\/index.php\/wp-json\/wp\/v2\/comments?post=25070"}],"version-history":[{"count":5,"href":"https:\/\/fadeweb.uncoma.edu.ar\/index.php\/wp-json\/wp\/v2\/posts\/25070\/revisions"}],"predecessor-version":[{"id":25086,"href":"https:\/\/fadeweb.uncoma.edu.ar\/index.php\/wp-json\/wp\/v2\/posts\/25070\/revisions\/25086"}],"wp:featuredmedia":[{"embeddable":true,"href":"https:\/\/fadeweb.uncoma.edu.ar\/index.php\/wp-json\/wp\/v2\/media\/25071"}],"wp:attachment":[{"href":"https:\/\/fadeweb.uncoma.edu.ar\/index.php\/wp-json\/wp\/v2\/media?parent=25070"}],"wp:term":[{"taxonomy":"category","embeddable":true,"href":"https:\/\/fadeweb.uncoma.edu.ar\/index.php\/wp-json\/wp\/v2\/categories?post=25070"},{"taxonomy":"post_tag","embeddable":true,"href":"https:\/\/fadeweb.uncoma.edu.ar\/index.php\/wp-json\/wp\/v2\/tags?post=25070"}],"curies":[{"name":"wp","href":"https:\/\/api.w.org\/{rel}","templated":true}]}}