{"id":25066,"date":"2025-05-06T12:37:18","date_gmt":"2025-05-06T15:37:18","guid":{"rendered":"https:\/\/fadeweb.uncoma.edu.ar\/?p=25066"},"modified":"2025-05-06T12:37:18","modified_gmt":"2025-05-06T15:37:18","slug":"memoria-y-soberania-la-unco-y-el-museo-de-la-comunicacion-mantienen-vivo-el-legado-de-malvinas","status":"publish","type":"post","link":"https:\/\/fadeweb.uncoma.edu.ar\/index.php\/2025\/05\/06\/memoria-y-soberania-la-unco-y-el-museo-de-la-comunicacion-mantienen-vivo-el-legado-de-malvinas\/","title":{"rendered":"MEMORIA Y SOBERAN\u00cdA: LA UNCO Y EL MUSEO DE LA COMUNICACI\u00d3N MANTIENEN VIVO EL LEGADO DE MALVINAS"},"content":{"rendered":"<p><img fetchpriority=\"high\" decoding=\"async\" class=\"alignnone wp-image-25067\" src=\"https:\/\/fadeweb.uncoma.edu.ar\/wp-content\/uploads\/2025\/05\/MEMORIA-Y-SOBERANIA1.jpeg\" alt=\"MEMORIA Y SOBERAN\u00cdA\" width=\"463\" height=\"500\" srcset=\"https:\/\/fadeweb.uncoma.edu.ar\/wp-content\/uploads\/2025\/05\/MEMORIA-Y-SOBERANIA1.jpeg 900w, https:\/\/fadeweb.uncoma.edu.ar\/wp-content\/uploads\/2025\/05\/MEMORIA-Y-SOBERANIA1-278x300.jpeg 278w, https:\/\/fadeweb.uncoma.edu.ar\/wp-content\/uploads\/2025\/05\/MEMORIA-Y-SOBERANIA1-768x829.jpeg 768w\" sizes=\"(max-width: 463px) 100vw, 463px\" \/> <img decoding=\"async\" class=\"alignnone wp-image-25068\" src=\"https:\/\/fadeweb.uncoma.edu.ar\/wp-content\/uploads\/2025\/05\/MEMORIA-Y-SOBERANIA2-712x1024.jpg\" alt=\"\" width=\"348\" height=\"500\" srcset=\"https:\/\/fadeweb.uncoma.edu.ar\/wp-content\/uploads\/2025\/05\/MEMORIA-Y-SOBERANIA2-712x1024.jpg 712w, https:\/\/fadeweb.uncoma.edu.ar\/wp-content\/uploads\/2025\/05\/MEMORIA-Y-SOBERANIA2-209x300.jpg 209w, https:\/\/fadeweb.uncoma.edu.ar\/wp-content\/uploads\/2025\/05\/MEMORIA-Y-SOBERANIA2-768x1105.jpg 768w, https:\/\/fadeweb.uncoma.edu.ar\/wp-content\/uploads\/2025\/05\/MEMORIA-Y-SOBERANIA2.jpg 887w\" sizes=\"(max-width: 348px) 100vw, 348px\" \/><\/p>\n<p>La Legislatura de la Provincia del Neuqu\u00e9n fue escenario de un significativo encuentro sobre la memoria hist\u00f3rica y la soberan\u00eda nacional.<br \/>\nEn el marco del ciclo Hablemos de Malvinas, organizado por la biblioteca Juan Jos\u00e9 Brion, el Museo de la Comunicaci\u00f3n Regional present\u00f3 una valiosa colecci\u00f3n de material audiovisual y documental sobre la Guerra de Malvinas.<\/p>\n<p>El encuentro, realizado el mi\u00e9rcoles 30 de abril, ofreci\u00f3 a los asistentes una oportunidad \u00fanica para escuchar registros period\u00edsticos originales de 1982, provenientes de emisoras como la BBC de Londres, Agricultura de Chile, Deusche Welle de Alemania y Rivadavia de Argentina. Adem\u00e1s, se expusieron ediciones impresas de diarios de la Editorial R\u00edo Negro correspondientes a los meses de mayo y junio de aquel a\u00f1o, reflejando la intensidad del conflicto en la prensa de la \u00e9poca.<\/p>\n<p>La jornada cont\u00f3 con la participaci\u00f3n de figuras clave en la preservaci\u00f3n y difusi\u00f3n de la memoria hist\u00f3rica. Entre ellos, Alberto Ra\u00fal Bruno, veterano de Malvinas y actual diputado provincial, junto con el Observatorio Malvinas Argentinas de la Legislatura de R\u00edo Negro. Asimismo, los bibliotecarios Leandro Faldani y Cintia Rojas presentaron la Colecci\u00f3n Especial Malvinas: Paz, Memoria y Soberan\u00eda, reafirmando la importancia de un enfoque integral en la transmisi\u00f3n de conocimientos sobre el conflicto.<\/p>\n<p>La exposici\u00f3n estuvo a cargo de los docentes de la carrera de Comunicaci\u00f3n Social de la Universidad Nacional del Comahue (UNCo), Dardo Gobbi y Marcelo Miranda, quienes compartieron con el p\u00fablico el extenso acervo documental del Museo de la Comunicaci\u00f3n Regional. Con m\u00e1s de 3.500 archivos en diversos formatos, esta colecci\u00f3n se encuentra disponible para estudiantes, docentes y cualquier persona interesada en profundizar sobre la historia de Malvinas.<\/p>\n<p>La UNCo, a trav\u00e9s de su compromiso acad\u00e9mico y social, sigue desempe\u00f1ando un rol esencial en la construcci\u00f3n de la memoria colectiva. En esta ocasi\u00f3n, su participaci\u00f3n en el ciclo Hablemos de Malvinas ha permitido visibilizar la importancia del acceso a fuentes hist\u00f3ricas primarias y la preservaci\u00f3n de los testimonios que conforman el legado de quienes vivieron la guerra.<\/p>\n<p>Quienes deseen explorar el material disponible pueden consultar la base de datos del Museo de la Comunicaci\u00f3n Regional escribiendo al correo: museodelacomunicaci\u00f3nregional@fadecs.uncoma.edu.ar. Esta iniciativa reafirma la necesidad de continuar profundizando el di\u00e1logo sobre Malvinas, asegurando que las nuevas generaciones mantengan vivo el recuerdo y la reflexi\u00f3n sobre nuestra historia reciente.<br \/>\n(Prensa UNCo)<\/p>\n","protected":false},"excerpt":{"rendered":"<p>La Legislatura de la Provincia del Neuqu\u00e9n fue escenario de un significativo encuentro sobre la memoria hist\u00f3rica y la soberan\u00eda nacional. En el marco del ciclo Hablemos de Malvinas, organizado por la biblioteca Juan Jos\u00e9 Brion, el Museo de la Comunicaci\u00f3n Regional present\u00f3 una valiosa colecci\u00f3n de material audiovisual y documental sobre la Guerra de [&hellip;]<\/p>\n","protected":false},"author":4,"featured_media":25068,"comment_status":"closed","ping_status":"closed","sticky":false,"template":"","format":"standard","meta":{"footnotes":""},"categories":[5],"tags":[],"class_list":["post-25066","post","type-post","status-publish","format-standard","has-post-thumbnail","hentry","category-notifadecs"],"_links":{"self":[{"href":"https:\/\/fadeweb.uncoma.edu.ar\/index.php\/wp-json\/wp\/v2\/posts\/25066","targetHints":{"allow":["GET"]}}],"collection":[{"href":"https:\/\/fadeweb.uncoma.edu.ar\/index.php\/wp-json\/wp\/v2\/posts"}],"about":[{"href":"https:\/\/fadeweb.uncoma.edu.ar\/index.php\/wp-json\/wp\/v2\/types\/post"}],"author":[{"embeddable":true,"href":"https:\/\/fadeweb.uncoma.edu.ar\/index.php\/wp-json\/wp\/v2\/users\/4"}],"replies":[{"embeddable":true,"href":"https:\/\/fadeweb.uncoma.edu.ar\/index.php\/wp-json\/wp\/v2\/comments?post=25066"}],"version-history":[{"count":1,"href":"https:\/\/fadeweb.uncoma.edu.ar\/index.php\/wp-json\/wp\/v2\/posts\/25066\/revisions"}],"predecessor-version":[{"id":25069,"href":"https:\/\/fadeweb.uncoma.edu.ar\/index.php\/wp-json\/wp\/v2\/posts\/25066\/revisions\/25069"}],"wp:featuredmedia":[{"embeddable":true,"href":"https:\/\/fadeweb.uncoma.edu.ar\/index.php\/wp-json\/wp\/v2\/media\/25068"}],"wp:attachment":[{"href":"https:\/\/fadeweb.uncoma.edu.ar\/index.php\/wp-json\/wp\/v2\/media?parent=25066"}],"wp:term":[{"taxonomy":"category","embeddable":true,"href":"https:\/\/fadeweb.uncoma.edu.ar\/index.php\/wp-json\/wp\/v2\/categories?post=25066"},{"taxonomy":"post_tag","embeddable":true,"href":"https:\/\/fadeweb.uncoma.edu.ar\/index.php\/wp-json\/wp\/v2\/tags?post=25066"}],"curies":[{"name":"wp","href":"https:\/\/api.w.org\/{rel}","templated":true}]}}