{"id":25063,"date":"2025-05-06T12:20:10","date_gmt":"2025-05-06T15:20:10","guid":{"rendered":"https:\/\/fadeweb.uncoma.edu.ar\/?p=25063"},"modified":"2025-05-06T12:20:10","modified_gmt":"2025-05-06T15:20:10","slug":"paro-de-transportes-suspension-de-examenes-finales-y-parciales","status":"publish","type":"post","link":"https:\/\/fadeweb.uncoma.edu.ar\/index.php\/2025\/05\/06\/paro-de-transportes-suspension-de-examenes-finales-y-parciales\/","title":{"rendered":"PARO DE TRANSPORTES &#8211; SUSPENSI\u00d3N DE EX\u00c1MENES FINALES Y PARCIALES"},"content":{"rendered":"<p><img fetchpriority=\"high\" decoding=\"async\" class=\"alignnone wp-image-25064\" src=\"https:\/\/fadeweb.uncoma.edu.ar\/wp-content\/uploads\/2025\/05\/6-DE-MAYO-2025-819x1024.jpg\" alt=\"PARO DE TRANSPORTES - SUSPENSI\u00d3N DE EX\u00c1MENES FINALES Y PARCIALES\n\nLa FADECS informa que, debido al paro de transporte p\u00fablico anunciado, se suspenden los ex\u00e1menes parciales y las mesas de examen final previstas para la jornada.\n\nAsimismo, se insta a las c\u00e1tedras a suspender las clases presenciales y reemplazarlas por encuentros virtuales, informando dicha decisi\u00f3n a trav\u00e9s de PEDCO.\n\nEn caso de que alguna asignatura decida mantener la modalidad presencial, la asistencia no ser\u00e1 obligatoria para las y los estudiantes.\n\nAgradecemos la comprensi\u00f3n y el compromiso de la comunidad universitaria.\" width=\"480\" height=\"600\" srcset=\"https:\/\/fadeweb.uncoma.edu.ar\/wp-content\/uploads\/2025\/05\/6-DE-MAYO-2025-819x1024.jpg 819w, https:\/\/fadeweb.uncoma.edu.ar\/wp-content\/uploads\/2025\/05\/6-DE-MAYO-2025-240x300.jpg 240w, https:\/\/fadeweb.uncoma.edu.ar\/wp-content\/uploads\/2025\/05\/6-DE-MAYO-2025-768x960.jpg 768w, https:\/\/fadeweb.uncoma.edu.ar\/wp-content\/uploads\/2025\/05\/6-DE-MAYO-2025.jpg 1080w\" sizes=\"(max-width: 480px) 100vw, 480px\" \/><\/p>\n<p>&nbsp;<\/p>\n<p>La FADECS informa que, debido al paro de transporte p\u00fablico anunciado, se suspenden los ex\u00e1menes parciales y las mesas de examen final previstas para la jornada.<\/p>\n<p>Asimismo, se insta a las c\u00e1tedras a suspender las clases presenciales y reemplazarlas por encuentros virtuales, informando dicha decisi\u00f3n a trav\u00e9s de PEDCO.<\/p>\n<p>En caso de que alguna asignatura decida mantener la modalidad presencial, la asistencia no ser\u00e1 obligatoria para las y los estudiantes.<\/p>\n<p>Agradecemos la comprensi\u00f3n y el compromiso de la comunidad universitaria.<\/p>\n","protected":false},"excerpt":{"rendered":"<p>&nbsp; La FADECS informa que, debido al paro de transporte p\u00fablico anunciado, se suspenden los ex\u00e1menes parciales y las mesas de examen final previstas para la jornada. Asimismo, se insta a las c\u00e1tedras a suspender las clases presenciales y reemplazarlas por encuentros virtuales, informando dicha decisi\u00f3n a trav\u00e9s de PEDCO. En caso de que alguna [&hellip;]<\/p>\n","protected":false},"author":4,"featured_media":25064,"comment_status":"closed","ping_status":"closed","sticky":false,"template":"","format":"standard","meta":{"footnotes":""},"categories":[5],"tags":[],"class_list":["post-25063","post","type-post","status-publish","format-standard","has-post-thumbnail","hentry","category-notifadecs"],"_links":{"self":[{"href":"https:\/\/fadeweb.uncoma.edu.ar\/index.php\/wp-json\/wp\/v2\/posts\/25063","targetHints":{"allow":["GET"]}}],"collection":[{"href":"https:\/\/fadeweb.uncoma.edu.ar\/index.php\/wp-json\/wp\/v2\/posts"}],"about":[{"href":"https:\/\/fadeweb.uncoma.edu.ar\/index.php\/wp-json\/wp\/v2\/types\/post"}],"author":[{"embeddable":true,"href":"https:\/\/fadeweb.uncoma.edu.ar\/index.php\/wp-json\/wp\/v2\/users\/4"}],"replies":[{"embeddable":true,"href":"https:\/\/fadeweb.uncoma.edu.ar\/index.php\/wp-json\/wp\/v2\/comments?post=25063"}],"version-history":[{"count":1,"href":"https:\/\/fadeweb.uncoma.edu.ar\/index.php\/wp-json\/wp\/v2\/posts\/25063\/revisions"}],"predecessor-version":[{"id":25065,"href":"https:\/\/fadeweb.uncoma.edu.ar\/index.php\/wp-json\/wp\/v2\/posts\/25063\/revisions\/25065"}],"wp:featuredmedia":[{"embeddable":true,"href":"https:\/\/fadeweb.uncoma.edu.ar\/index.php\/wp-json\/wp\/v2\/media\/25064"}],"wp:attachment":[{"href":"https:\/\/fadeweb.uncoma.edu.ar\/index.php\/wp-json\/wp\/v2\/media?parent=25063"}],"wp:term":[{"taxonomy":"category","embeddable":true,"href":"https:\/\/fadeweb.uncoma.edu.ar\/index.php\/wp-json\/wp\/v2\/categories?post=25063"},{"taxonomy":"post_tag","embeddable":true,"href":"https:\/\/fadeweb.uncoma.edu.ar\/index.php\/wp-json\/wp\/v2\/tags?post=25063"}],"curies":[{"name":"wp","href":"https:\/\/api.w.org\/{rel}","templated":true}]}}