{"id":24556,"date":"2025-04-02T00:21:35","date_gmt":"2025-04-02T03:21:35","guid":{"rendered":"https:\/\/fadeweb.uncoma.edu.ar\/?p=24556"},"modified":"2025-03-31T10:22:51","modified_gmt":"2025-03-31T13:22:51","slug":"2-de-abrildia-del-veterano-y-de-los-caidos-en-la-guerra-de-malvinas","status":"publish","type":"post","link":"https:\/\/fadeweb.uncoma.edu.ar\/index.php\/2025\/04\/02\/2-de-abrildia-del-veterano-y-de-los-caidos-en-la-guerra-de-malvinas\/","title":{"rendered":"2 DE ABRIL\tD\u00cdA DEL VETERANO Y DE LOS CA\u00cdDOS EN LA GUERRA DE MALVINAS"},"content":{"rendered":"<p><img fetchpriority=\"high\" decoding=\"async\" class=\"alignnone wp-image-24557\" src=\"https:\/\/fadeweb.uncoma.edu.ar\/wp-content\/uploads\/2025\/03\/2-de-abril-2025-3-819x1024.jpg\" alt=\"En el D\u00eda de la afirmaci\u00f3n de los derechos argentinos sobre las Islas Malvinas, Georgias del Sur y Sandwich del Sur y los espacios mar\u00edtimos e insulares correspondientes, la FADECS rinde homenaje a las veteranas y los veteranos, a los ca\u00eddos que defendieron con valent\u00eda la soberan\u00eda argentina en las islas argentinas del Atl\u00e1ntico Sur.\" width=\"480\" height=\"600\" srcset=\"https:\/\/fadeweb.uncoma.edu.ar\/wp-content\/uploads\/2025\/03\/2-de-abril-2025-3-819x1024.jpg 819w, https:\/\/fadeweb.uncoma.edu.ar\/wp-content\/uploads\/2025\/03\/2-de-abril-2025-3-240x300.jpg 240w, https:\/\/fadeweb.uncoma.edu.ar\/wp-content\/uploads\/2025\/03\/2-de-abril-2025-3-768x960.jpg 768w, https:\/\/fadeweb.uncoma.edu.ar\/wp-content\/uploads\/2025\/03\/2-de-abril-2025-3.jpg 1080w\" sizes=\"(max-width: 480px) 100vw, 480px\" \/><\/p>\n<p>En el D\u00eda de la afirmaci\u00f3n de los derechos argentinos sobre las Islas Malvinas, Georgias del Sur y Sandwich del Sur y los espacios mar\u00edtimos e insulares correspondientes, la FADECS rinde homenaje a las veteranas y los veteranos, a los ca\u00eddos que defendieron con valent\u00eda la soberan\u00eda argentina en las islas argentinas del Atl\u00e1ntico Sur.<\/p>\n","protected":false},"excerpt":{"rendered":"<p>En el D\u00eda de la afirmaci\u00f3n de los derechos argentinos sobre las Islas Malvinas, Georgias del Sur y Sandwich del Sur y los espacios mar\u00edtimos e insulares correspondientes, la FADECS rinde homenaje a las veteranas y los veteranos, a los ca\u00eddos que defendieron con valent\u00eda la soberan\u00eda argentina en las islas argentinas del Atl\u00e1ntico Sur.<\/p>\n","protected":false},"author":4,"featured_media":24557,"comment_status":"closed","ping_status":"closed","sticky":false,"template":"","format":"standard","meta":{"footnotes":""},"categories":[5],"tags":[],"class_list":["post-24556","post","type-post","status-publish","format-standard","has-post-thumbnail","hentry","category-notifadecs"],"_links":{"self":[{"href":"https:\/\/fadeweb.uncoma.edu.ar\/index.php\/wp-json\/wp\/v2\/posts\/24556","targetHints":{"allow":["GET"]}}],"collection":[{"href":"https:\/\/fadeweb.uncoma.edu.ar\/index.php\/wp-json\/wp\/v2\/posts"}],"about":[{"href":"https:\/\/fadeweb.uncoma.edu.ar\/index.php\/wp-json\/wp\/v2\/types\/post"}],"author":[{"embeddable":true,"href":"https:\/\/fadeweb.uncoma.edu.ar\/index.php\/wp-json\/wp\/v2\/users\/4"}],"replies":[{"embeddable":true,"href":"https:\/\/fadeweb.uncoma.edu.ar\/index.php\/wp-json\/wp\/v2\/comments?post=24556"}],"version-history":[{"count":1,"href":"https:\/\/fadeweb.uncoma.edu.ar\/index.php\/wp-json\/wp\/v2\/posts\/24556\/revisions"}],"predecessor-version":[{"id":24558,"href":"https:\/\/fadeweb.uncoma.edu.ar\/index.php\/wp-json\/wp\/v2\/posts\/24556\/revisions\/24558"}],"wp:featuredmedia":[{"embeddable":true,"href":"https:\/\/fadeweb.uncoma.edu.ar\/index.php\/wp-json\/wp\/v2\/media\/24557"}],"wp:attachment":[{"href":"https:\/\/fadeweb.uncoma.edu.ar\/index.php\/wp-json\/wp\/v2\/media?parent=24556"}],"wp:term":[{"taxonomy":"category","embeddable":true,"href":"https:\/\/fadeweb.uncoma.edu.ar\/index.php\/wp-json\/wp\/v2\/categories?post=24556"},{"taxonomy":"post_tag","embeddable":true,"href":"https:\/\/fadeweb.uncoma.edu.ar\/index.php\/wp-json\/wp\/v2\/tags?post=24556"}],"curies":[{"name":"wp","href":"https:\/\/api.w.org\/{rel}","templated":true}]}}