{"id":24328,"date":"2025-03-27T14:34:37","date_gmt":"2025-03-27T17:34:37","guid":{"rendered":"https:\/\/fadeweb.uncoma.edu.ar\/?p=24328"},"modified":"2025-05-08T13:07:25","modified_gmt":"2025-05-08T16:07:25","slug":"el-silencio-es-un-cuerpo-que-cae-de-agustina-comedi","status":"publish","type":"post","link":"https:\/\/fadeweb.uncoma.edu.ar\/index.php\/2025\/03\/27\/el-silencio-es-un-cuerpo-que-cae-de-agustina-comedi\/","title":{"rendered":"\u201cEl silencio es un cuerpo que cae\u201d, de Agustina Comedi"},"content":{"rendered":"\t\t<div data-elementor-type=\"wp-post\" data-elementor-id=\"24328\" class=\"elementor elementor-24328\" data-elementor-post-type=\"post\">\n\t\t\t\t\t\t<section class=\"elementor-section elementor-top-section elementor-element elementor-element-0256986 elementor-section-boxed elementor-section-height-default elementor-section-height-default\" data-id=\"0256986\" data-element_type=\"section\" data-e-type=\"section\">\n\t\t\t\t\t\t<div class=\"elementor-container elementor-column-gap-default\">\n\t\t\t\t\t<div class=\"elementor-column elementor-col-100 elementor-top-column elementor-element elementor-element-29ef2d4\" data-id=\"29ef2d4\" data-element_type=\"column\" data-e-type=\"column\">\n\t\t\t<div class=\"elementor-widget-wrap elementor-element-populated\">\n\t\t\t\t\t\t<section class=\"elementor-section elementor-inner-section elementor-element elementor-element-c8f7388 elementor-section-boxed elementor-section-height-default elementor-section-height-default\" data-id=\"c8f7388\" data-element_type=\"section\" data-e-type=\"section\">\n\t\t\t\t\t\t<div class=\"elementor-container elementor-column-gap-default\">\n\t\t\t\t\t<div class=\"elementor-column elementor-col-50 elementor-inner-column elementor-element elementor-element-f8e9f72\" data-id=\"f8e9f72\" data-element_type=\"column\" data-e-type=\"column\">\n\t\t\t<div class=\"elementor-widget-wrap elementor-element-populated\">\n\t\t\t\t\t\t<div class=\"elementor-element elementor-element-37249fb elementor-widget elementor-widget-image\" data-id=\"37249fb\" data-element_type=\"widget\" data-e-type=\"widget\" data-widget_type=\"image.default\">\n\t\t\t\t<div class=\"elementor-widget-container\">\n\t\t\t\t\t\t\t\t\t\t\t\t\t\t\t<img fetchpriority=\"high\" decoding=\"async\" width=\"800\" height=\"450\" src=\"https:\/\/fadeweb.uncoma.edu.ar\/wp-content\/uploads\/2025\/03\/Imagen-Seminario-Critica-Documental-1024x576.jpg\" class=\"attachment-large size-large wp-image-24329\" alt=\"El impactante ruido del silencio\" srcset=\"https:\/\/fadeweb.uncoma.edu.ar\/wp-content\/uploads\/2025\/03\/Imagen-Seminario-Critica-Documental-1024x576.jpg 1024w, https:\/\/fadeweb.uncoma.edu.ar\/wp-content\/uploads\/2025\/03\/Imagen-Seminario-Critica-Documental-300x169.jpg 300w, https:\/\/fadeweb.uncoma.edu.ar\/wp-content\/uploads\/2025\/03\/Imagen-Seminario-Critica-Documental-768x432.jpg 768w, https:\/\/fadeweb.uncoma.edu.ar\/wp-content\/uploads\/2025\/03\/Imagen-Seminario-Critica-Documental.jpg 1048w\" sizes=\"(max-width: 800px) 100vw, 800px\" \/>\t\t\t\t\t\t\t\t\t\t\t\t\t\t\t<\/div>\n\t\t\t\t<\/div>\n\t\t\t\t\t<\/div>\n\t\t<\/div>\n\t\t\t\t<div class=\"elementor-column elementor-col-50 elementor-inner-column elementor-element elementor-element-b9b68fb\" data-id=\"b9b68fb\" data-element_type=\"column\" data-e-type=\"column\">\n\t\t\t<div class=\"elementor-widget-wrap elementor-element-populated\">\n\t\t\t\t\t\t<div class=\"elementor-element elementor-element-b6cb330 elementor-widget elementor-widget-heading\" data-id=\"b6cb330\" data-element_type=\"widget\" data-e-type=\"widget\" data-widget_type=\"heading.default\">\n\t\t\t\t<div class=\"elementor-widget-container\">\n\t\t\t\t\t<h2 class=\"elementor-heading-title elementor-size-default\">DOCUMENTAL: CR\u00cdTICAS<\/h2>\t\t\t\t<\/div>\n\t\t\t\t<\/div>\n\t\t\t\t<div class=\"elementor-element elementor-element-7df780b elementor-widget elementor-widget-text-editor\" data-id=\"7df780b\" data-element_type=\"widget\" data-e-type=\"widget\" data-widget_type=\"text-editor.default\">\n\t\t\t\t<div class=\"elementor-widget-container\">\n\t\t\t\t\t\t\t\t\t<h4>El impactante ruido del silencio<\/h4><p><em>Por Maite Arana<\/em><\/p><p>El documental \u201cEl silencio es un cuerpo que cae\u201d, est\u00e1 dirigido por Agustina Comedi y fue estrenado en 2017. En el reparto se incluye a Jaime Comedi, Susana Palomas y La Delpi. Aunque se puede definir como un drama, la pel\u00edcula es una combinaci\u00f3n entre biograf\u00eda e historia social y pol\u00edtica.<\/p><p>Este largometraje cuenta la vida y secretos de un hombre desde el relato de su hija, Agustina, la directora. A trav\u00e9s de viejas filmaciones en rollo de celuloide, narraciones de sus amigos y v\u00ednculos cercanos, videos actuales e im\u00e1genes de archivo, la directora cuenta parte de la vida de su padre, Jaime Comedi, quien falleci\u00f3 dejando una historia llena de inc\u00f3gnitas, que ella desconoc\u00eda. As\u00ed, junto con el material f\u00edlmico recuperado y con el que es propiamente creado para el documental 17 a\u00f1os despu\u00e9s, Agustina presenta dos vidas completamente distintas del protagonista, Jaime.<\/p><p>El film logra acercar al espectador a la vida de una persona en particular, atravesada por la homosexualidad y la pol\u00edtica. La historia puede trasladarse a la de muchas personas y familias de esas \u00e9pocas marcadas por la dictadura de 1976. Principalmente el trabajo de la realizadora se basa en grabaciones de su padre con una c\u00e1mara antigua, lo cual permite entender la vida a trav\u00e9s de su mirada: qu\u00e9 grababa, qu\u00e9 eleg\u00eda mostrar, c\u00f3mo enfocaba las situaciones (la mayor\u00eda cotidianas, como almuerzos, viajes, reuniones, festejos).<\/p><p>El guion muestra dos vidas, las que ocurrieron casi simult\u00e1neamente hasta el a\u00f1o 99. A pesar de que Jaime se convirti\u00f3 en un padre de familia, previamente cargaba con una historia completamente distinta. Estas dos se diferencian a trav\u00e9s del tipo de registro y de los testimonios, las grabaciones familiares dejan ver una parte de su historia, mientras que para referirse a su \u201cotra vida\u201d se muestran personajes pintorescos y videos m\u00e1s art\u00edsticos de una \u00e9poca a\u00fan m\u00e1s antigua.<\/p><p>Agustina comenta por momentos s\u00f3lo con su voz datos importantes de la historia de su familia para poner al espectador en contexto. Con poca intervenci\u00f3n de sonido, el documental es una recopilaci\u00f3n de lo que Jaime eligi\u00f3 grabar desde que compr\u00f3 su primera c\u00e1mara. Tambi\u00e9n se presentan testimonios de sus amigos de la juventud, quienes cuentan c\u00f3mo se vivi\u00f3 la homosexualidad en la militancia pol\u00edtica durante los a\u00f1os 70 y 90 en el pa\u00eds.<\/p><p>Abordando temas delicados como la sexualidad, las enfermedades, la violencia, se narra partes de la vida de Jaime hasta su accidente fatal, y el espectador tiene la oportunidad de ir reconstruyendo la historia de esta persona a trav\u00e9s de lo que dej\u00f3 registrado con su c\u00e1mara y lo que hoy su hija elige recuperar.<\/p><p>Aunque muchas escenas tienen sonido ambiente o se escuchan meras conversaciones rutinarias, el producto final nos permite entender por qu\u00e9 cada toma fue elegida. A trav\u00e9s del propio film la directora\/hija va descubriendo aspectos de su familia que se manten\u00edan ocultos, en silencio y que con las grabaciones salen a la luz.<\/p><p>El documental interpela al espectador brindando reducida informaci\u00f3n sobre la vida de Jaime y pocas palabras para referirse a \u00e9l, otorgando la mayor relevancia a las im\u00e1genes cotidianas que el propio protagonista vivi\u00f3 en primera persona. A lo largo del film las dos vidas e historias se van entrelazando, formando un registro po\u00e9tico sobre la homosexualidad, la familia, el amor y la libertad. Este registro se destaca por el peso del silencio, el cual genera ruido en cada escena, abriendo m\u00e1s preguntas sobre la clandestina vida que llev\u00f3 el protagonista, quien dej\u00f3 registros f\u00edlmicos incluso hasta el d\u00eda de su muerte.<\/p>\t\t\t\t\t\t\t\t<\/div>\n\t\t\t\t<\/div>\n\t\t\t\t\t<\/div>\n\t\t<\/div>\n\t\t\t\t\t<\/div>\n\t\t<\/section>\n\t\t\t\t\t<\/div>\n\t\t<\/div>\n\t\t\t\t\t<\/div>\n\t\t<\/section>\n\t\t\t\t<\/div>\n\t\t","protected":false},"excerpt":{"rendered":"<p>DOCUMENTAL: CR\u00cdTICAS El impactante ruido del silencio Por Maite Arana El documental \u201cEl silencio es un cuerpo que cae\u201d, est\u00e1 dirigido por Agustina Comedi y fue estrenado en 2017. En el reparto se incluye a Jaime Comedi, Susana Palomas y La Delpi. Aunque se puede definir como un drama, la pel\u00edcula es una combinaci\u00f3n entre [&hellip;]<\/p>\n","protected":false},"author":4,"featured_media":24329,"comment_status":"closed","ping_status":"closed","sticky":false,"template":"","format":"standard","meta":{"footnotes":""},"categories":[113],"tags":[],"class_list":["post-24328","post","type-post","status-publish","format-standard","has-post-thumbnail","hentry","category-documental-criticas"],"_links":{"self":[{"href":"https:\/\/fadeweb.uncoma.edu.ar\/index.php\/wp-json\/wp\/v2\/posts\/24328","targetHints":{"allow":["GET"]}}],"collection":[{"href":"https:\/\/fadeweb.uncoma.edu.ar\/index.php\/wp-json\/wp\/v2\/posts"}],"about":[{"href":"https:\/\/fadeweb.uncoma.edu.ar\/index.php\/wp-json\/wp\/v2\/types\/post"}],"author":[{"embeddable":true,"href":"https:\/\/fadeweb.uncoma.edu.ar\/index.php\/wp-json\/wp\/v2\/users\/4"}],"replies":[{"embeddable":true,"href":"https:\/\/fadeweb.uncoma.edu.ar\/index.php\/wp-json\/wp\/v2\/comments?post=24328"}],"version-history":[{"count":6,"href":"https:\/\/fadeweb.uncoma.edu.ar\/index.php\/wp-json\/wp\/v2\/posts\/24328\/revisions"}],"predecessor-version":[{"id":25136,"href":"https:\/\/fadeweb.uncoma.edu.ar\/index.php\/wp-json\/wp\/v2\/posts\/24328\/revisions\/25136"}],"wp:featuredmedia":[{"embeddable":true,"href":"https:\/\/fadeweb.uncoma.edu.ar\/index.php\/wp-json\/wp\/v2\/media\/24329"}],"wp:attachment":[{"href":"https:\/\/fadeweb.uncoma.edu.ar\/index.php\/wp-json\/wp\/v2\/media?parent=24328"}],"wp:term":[{"taxonomy":"category","embeddable":true,"href":"https:\/\/fadeweb.uncoma.edu.ar\/index.php\/wp-json\/wp\/v2\/categories?post=24328"},{"taxonomy":"post_tag","embeddable":true,"href":"https:\/\/fadeweb.uncoma.edu.ar\/index.php\/wp-json\/wp\/v2\/tags?post=24328"}],"curies":[{"name":"wp","href":"https:\/\/api.w.org\/{rel}","templated":true}]}}