{"id":23947,"date":"2025-03-21T11:50:19","date_gmt":"2025-03-21T14:50:19","guid":{"rendered":"https:\/\/fadeweb.uncoma.edu.ar\/?p=23947"},"modified":"2025-05-08T12:44:52","modified_gmt":"2025-05-08T15:44:52","slug":"feria-del-libro-de-neuquen-valeria-di-croce-presento-su-libro-el-arca-de-milei","status":"publish","type":"post","link":"https:\/\/fadeweb.uncoma.edu.ar\/index.php\/2025\/03\/21\/feria-del-libro-de-neuquen-valeria-di-croce-presento-su-libro-el-arca-de-milei\/","title":{"rendered":"Feria del Libro de Neuqu\u00e9n: se present\u00f3 \u201cEl arca de Milei\u201d"},"content":{"rendered":"\t\t<div data-elementor-type=\"wp-post\" data-elementor-id=\"23947\" class=\"elementor elementor-23947\" data-elementor-post-type=\"post\">\n\t\t\t\t\t\t<section class=\"elementor-section elementor-top-section elementor-element elementor-element-aa23891 elementor-section-boxed elementor-section-height-default elementor-section-height-default\" data-id=\"aa23891\" data-element_type=\"section\" data-e-type=\"section\">\n\t\t\t\t\t\t<div class=\"elementor-container elementor-column-gap-default\">\n\t\t\t\t\t<div class=\"elementor-column elementor-col-100 elementor-top-column elementor-element elementor-element-24249ec\" data-id=\"24249ec\" data-element_type=\"column\" data-e-type=\"column\">\n\t\t\t<div class=\"elementor-widget-wrap elementor-element-populated\">\n\t\t\t\t\t\t<section class=\"elementor-section elementor-inner-section elementor-element elementor-element-39a4712 elementor-section-boxed elementor-section-height-default elementor-section-height-default\" data-id=\"39a4712\" data-element_type=\"section\" data-e-type=\"section\">\n\t\t\t\t\t\t<div class=\"elementor-container elementor-column-gap-default\">\n\t\t\t\t\t<div class=\"elementor-column elementor-col-50 elementor-inner-column elementor-element elementor-element-1dda9d5\" data-id=\"1dda9d5\" data-element_type=\"column\" data-e-type=\"column\">\n\t\t\t<div class=\"elementor-widget-wrap elementor-element-populated\">\n\t\t\t\t\t\t<div class=\"elementor-element elementor-element-d83b11b elementor-widget elementor-widget-image\" data-id=\"d83b11b\" data-element_type=\"widget\" data-e-type=\"widget\" data-widget_type=\"image.default\">\n\t\t\t\t<div class=\"elementor-widget-container\">\n\t\t\t\t\t\t\t\t\t\t\t\t\t\t\t<img fetchpriority=\"high\" decoding=\"async\" width=\"800\" height=\"600\" src=\"https:\/\/fadeweb.uncoma.edu.ar\/wp-content\/uploads\/2025\/03\/PresentaLibroDiCroce5-1024x768.jpg\" class=\"attachment-large size-large wp-image-23955\" alt=\"\" srcset=\"https:\/\/fadeweb.uncoma.edu.ar\/wp-content\/uploads\/2025\/03\/PresentaLibroDiCroce5-1024x768.jpg 1024w, https:\/\/fadeweb.uncoma.edu.ar\/wp-content\/uploads\/2025\/03\/PresentaLibroDiCroce5-300x225.jpg 300w, https:\/\/fadeweb.uncoma.edu.ar\/wp-content\/uploads\/2025\/03\/PresentaLibroDiCroce5-768x576.jpg 768w, https:\/\/fadeweb.uncoma.edu.ar\/wp-content\/uploads\/2025\/03\/PresentaLibroDiCroce5-1536x1152.jpg 1536w, https:\/\/fadeweb.uncoma.edu.ar\/wp-content\/uploads\/2025\/03\/PresentaLibroDiCroce5.jpg 1920w\" sizes=\"(max-width: 800px) 100vw, 800px\" \/>\t\t\t\t\t\t\t\t\t\t\t\t\t\t\t<\/div>\n\t\t\t\t<\/div>\n\t\t\t\t\t<\/div>\n\t\t<\/div>\n\t\t\t\t<div class=\"elementor-column elementor-col-50 elementor-inner-column elementor-element elementor-element-1a97b82\" data-id=\"1a97b82\" data-element_type=\"column\" data-e-type=\"column\">\n\t\t\t<div class=\"elementor-widget-wrap elementor-element-populated\">\n\t\t\t\t\t\t<div class=\"elementor-element elementor-element-b39565b elementor-widget elementor-widget-heading\" data-id=\"b39565b\" data-element_type=\"widget\" data-e-type=\"widget\" data-widget_type=\"heading.default\">\n\t\t\t\t<div class=\"elementor-widget-container\">\n\t\t\t\t\t<h2 class=\"elementor-heading-title elementor-size-default\">CR\u00d3NICA DE UN EVENTO EN VIVO - FERIA DEL LIBRO<\/h2>\t\t\t\t<\/div>\n\t\t\t\t<\/div>\n\t\t\t\t<div class=\"elementor-element elementor-element-2bfdd81 elementor-widget elementor-widget-text-editor\" data-id=\"2bfdd81\" data-element_type=\"widget\" data-e-type=\"widget\" data-widget_type=\"text-editor.default\">\n\t\t\t\t<div class=\"elementor-widget-container\">\n\t\t\t\t\t\t\t\t\t<p><em>Por Valer\u00eda Calafatti<\/em><\/p><p>\u201cDecid\u00ed no hablar sobre el personaje Javier Milei, su psiquis, sobre sus an\u00e9cdotas, el libro no habla de ello. Yo hablo de lo que se construy\u00f3 antes, cu\u00e1l fue el germen del movimiento que luego se configur\u00f3 en torno a su figura y qui\u00e9nes lo apoyaron, primero a su postulaci\u00f3n para la diputaci\u00f3n y luego para la Presidencia\u201d. Valeria Di Croce perfila as\u00ed los lineamientos de su nuevo libro \u201cEl arca de Milei. C\u00f3mo y con qui\u00e9n construy\u00f3 su poder\u201d; (Ediciones Futurock), que present\u00f3 en la 11\u00b0 Feria del libro de Neuqu\u00e9n en 2024.<\/p><p>Este a\u00f1o la Feria se centr\u00f3 en autores y editoriales locales, fomentando la promoci\u00f3n cultural regional. Miles de personas la recorrieron y disfrutaron de una variada propuesta de charlas y debates en forma libre y gratuita.<\/p><p>El escritor Patricio Zunini present\u00f3 a la autora neuquina el s\u00e1bado 14 a las 19 hs., en el Auditorio Marcelo Berbel. Coment\u00f3 su trayectoria como trabajadora de prensa y estudiosa de las transformaciones en el campo de la comunicaci\u00f3n. Luego, en relaci\u00f3n con el libro record\u00f3 la canci\u00f3n de Charly Garc\u00eda \u201cMientras miro las nuevas olas\u201d cuando dice <em>\u201c\u00bfTe acuerdas de Elvis cuando movi\u00f3 la pelvis? Todo el mundo hizo \u00a1Plop! y nadie entonces pod\u00eda entender\u2026 qu\u00e9 era esa furia\u201d<\/em>. Esto le dio el pie para hacer dos preguntas que guiaron esta presentaci\u00f3n: \u201c\u00bfC\u00f3mo no nos dimos cuenta del fen\u00f3meno Milei? \u00bfPor qu\u00e9 no lo vimos venir?\u201d<\/p><p>Di Croce responder\u00e1 que, en principio, para afrontar las posibles respuestas, trat\u00f3 de seguir el consejo que siempre brindaba su profesor de la UNCo, el dramaturgo Alejandro Finzi para abordar una obra de arte o un autor: \u201cPrestar mucha atenci\u00f3n al sujeto en su contexto, a la \u00b4escenograf\u00eda\u2019\u201d. Consider\u00f3 importante \u201csalirse del triunfo de Milei a nivel electoral, salirse de ese estupor y del shock inicial para verlo circunscripto en su contexto. Milei es un emergente, una muestra de un movimiento mayor que se est\u00e1 manifestando a nivel global\u201d.<\/p><p>Agrega que quiso recuperar la tradici\u00f3n de di\u00e1logo con otros textos contempor\u00e1neos, y al detectar el gran prisma y la multitud de miradas, se centr\u00f3 \u00aben armar un libro que nos ordenara, que todo eso que estaba desparramado ah\u00ed y que no hab\u00edamos visto en un tiempo de fragmentaci\u00f3n, no solo social sino tambi\u00e9n de los consumos hist\u00f3ricos culturales y sociales nos ordenara a todos para poder empezar a hablar de lo que nos est\u00e1 pasando\u201d. Y finalmente tom\u00f3 la idea de Naomi Klein de la doctrina del shock.<\/p><p>\u201cLas causas en principio son multifactoriales\u201d comenta, pero sin embargo Di Croce considera que hubo tres factores principales para el caso argentino, tres grandes l\u00edneas, tres \u201cshocks\u201d:<\/p><ol><li><em>El shock econ\u00f3mico:<\/em> con la presidencia de Mauricio Macri, la fuga de capitales que empobreci\u00f3 profundamente al pa\u00eds, el regreso al FMI, el endeudamiento a cien a\u00f1os, las promesas incumplidas y la profundizaci\u00f3n de la desigualdad;<\/li><li><em>El shock pand\u00e9mico:<\/em> que transform\u00f3 las formas de relacionarse de la sociedad, las formas de consumos culturales; perdiendo cada vez m\u00e1s lo comunitario y volvi\u00e9ndose cada vez m\u00e1s individualista, con la falsa percepci\u00f3n de que todo est\u00e1 disponible y se soluciona con apretar un bot\u00f3n;<\/li><\/ol><p>3. <em>El shock pol\u00edtico: <\/em>con la expansi\u00f3n del movimiento de derecha estadounidense Alt-Right, la incitaci\u00f3n de la patria panelista, con un contexto de violencia creciente que se manifest\u00f3 en septiembre de 2022 en Argentina con el atentado a Cristina Fern\u00e1ndez de Kirchner. <\/p>\t\t\t\t\t\t\t\t<\/div>\n\t\t\t\t<\/div>\n\t\t\t\t<div class=\"elementor-element elementor-element-f781c81 elementor-widget elementor-widget-image\" data-id=\"f781c81\" data-element_type=\"widget\" data-e-type=\"widget\" data-widget_type=\"image.default\">\n\t\t\t\t<div class=\"elementor-widget-container\">\n\t\t\t\t\t\t\t\t\t\t\t\t\t\t\t<img decoding=\"async\" width=\"800\" height=\"577\" src=\"https:\/\/fadeweb.uncoma.edu.ar\/wp-content\/uploads\/2025\/03\/PresentaLibroDiCroce3-1024x738.jpg\" class=\"attachment-large size-large wp-image-23954\" alt=\"\" srcset=\"https:\/\/fadeweb.uncoma.edu.ar\/wp-content\/uploads\/2025\/03\/PresentaLibroDiCroce3-1024x738.jpg 1024w, https:\/\/fadeweb.uncoma.edu.ar\/wp-content\/uploads\/2025\/03\/PresentaLibroDiCroce3-300x216.jpg 300w, https:\/\/fadeweb.uncoma.edu.ar\/wp-content\/uploads\/2025\/03\/PresentaLibroDiCroce3-768x553.jpg 768w, https:\/\/fadeweb.uncoma.edu.ar\/wp-content\/uploads\/2025\/03\/PresentaLibroDiCroce3.jpg 1499w\" sizes=\"(max-width: 800px) 100vw, 800px\" \/>\t\t\t\t\t\t\t\t\t\t\t\t\t\t\t<\/div>\n\t\t\t\t<\/div>\n\t\t\t\t<div class=\"elementor-element elementor-element-cc5dbb0 elementor-widget elementor-widget-text-editor\" data-id=\"cc5dbb0\" data-element_type=\"widget\" data-e-type=\"widget\" data-widget_type=\"text-editor.default\">\n\t\t\t\t<div class=\"elementor-widget-container\">\n\t\t\t\t\t\t\t\t\t<p>Estos tres shocks, m\u00e1s la construcci\u00f3n de un relato de indignaci\u00f3n, junto con el principio de revelaci\u00f3n confluyeron en los grupos de quienes acompa\u00f1aron a Milei, concluir\u00e1 Di Croce.<\/p><p>El libro profundizar\u00e1 sobre estos aspectos, con informaci\u00f3n y nombres y apellidos de \u201clos acompa\u00f1antes\u201d, como Jos\u00e9 Luis Espert, Guillermo Nielsen, Diego Giacomini, Mar\u00eda Zald\u00edvar, Eugenia Rol\u00f3n \u2013incluso hay referencias de un temprano apoyo de Daniel Scioli-. Tambi\u00e9n se explicitan las conexiones internacionales con Donald Trump, los movimientos de derecha Vox en Espa\u00f1a y Alt-Right en Estados Unidos, los herederos de la sociedad suiza de Mont Pelerin de los a\u00f1os cuarenta y muchos m\u00e1s de quienes \u201cse subieron\u201d y participan del \u201carca\u201d. Di Croce re\u00fane informaci\u00f3n desde 2008 y la investigaci\u00f3n es rica y profunda.<\/p><p>Sobre la pregunta inicial de: \u00bfpor qu\u00e9 no pudimos verlo? Di Croce advierte que, si no era Milei, igual hubiera sido otro. Lo m\u00e1s importante es que, aunque se vaya, seguir\u00e1 estando, ya que es un fen\u00f3meno global. \u201cNo pudimos verlo porque, entre otras cosas, no tuvimos tiempo, tiempo<em> real <\/em>para el pensamiento cr\u00edtico, y se impuso el sentido com\u00fan &#8211; en los ciudadanos- . Vivimos inmersos en la inmediatez. Un ejemplo es que Argentina tiene al menos 8 canales de noticias que emiten las 24 horas del d\u00eda, por lo que \u00bfc\u00f3mo podr\u00edamos digerir esa informaci\u00f3n? \u00bfEn qu\u00e9 momento podr\u00edamos tener el espacio para el pensamiento cr\u00edtico? No hay posibilidad para ello\u201d, explica la autora.<\/p><p>Luego agrega que la pol\u00edtica se ha transformado en pol\u00edtica medi\u00e1tica, siguiendo las premisas del capitalismo de plataformas. Un ejemplo es twitter y c\u00f3mo fue adquirido por Elon Musk, que apenas la compr\u00f3, despidi\u00f3 a quienes se ocupaban del control de contenidos, el \u201ccontrol sanitario\u201d habilitando un <em>todo vale<\/em>, pleno de publicaciones violentas sin posibilidad de discusi\u00f3n equilibrada. \u201cJavier Milei est\u00e1 en sinton\u00eda con ese accionar y en principio puso en tensi\u00f3n el sistema de medios argentino para luego generar su propio sistema de medios, aprovechando el ecosistema medi\u00e1tico digital llegando a trav\u00e9s de los dispositivos (y su aparente neutralidad) a los m\u00e1s j\u00f3venes\u201d.<\/p><p>Di Croce, ya en el final de la presentaci\u00f3n, propone que \u201cla salida estar\u00e1 en encontrar los espacios de discusi\u00f3n con el otro, reconstruir la discusi\u00f3n comunitaria, en principio con ese otro que no eligi\u00f3 como primera opci\u00f3n a Milei. Pero antes, la discusi\u00f3n principal ser\u00e1 con un <em>nosotros<\/em> para entender nuestro presente confuso e imaginar los futuros que podemos construir\u201d.<\/p><p>Al salir de la sala, la fila de personas que estaban esperando para entrar a la siguiente presentaci\u00f3n era largu\u00edsima. Se presentaba el libro de Selva Almada \u201cNo es un r\u00edo\u201d, autora argentina con una escritura que atrae a much\u00edsimos lectores. Cabe entonces la pregunta \u00bfacaso los ciudadanos de a pie podremos, en principio, despegarnos de nuestras preocupaciones y ocupaciones cotidianas y darnos un espacio para el ocio necesario reflexivo? \u00bfPodremos usar ese ocio para fomentar nuestro esp\u00edritu cr\u00edtico, evitando la permanente distracci\u00f3n que nos lleva, una y otra vez, a estar atrapados en el permanente consumo y entretenimiento? \u00bfpodremos encontrar los espacios comunes para reunirnos nuevamente, reencontrarnos, discutir y aclararnos para resistir el avance de las nuevas (y viejas) derechas? Una primera mirada nos da una imagen distorsionada, todo parece reducirse, como en este caso, a recorrer una feria por puro entretenimiento, pero luego, cuando vemos que hay muchos que siguen interesados en leer un libro, mirar una fotograf\u00eda o contemplar un cuadro, en \u201cperder el tiempo\u201d para acercarse a las m\u00faltiples formas del arte, podemos pensar que no est\u00e1 todo dicho todav\u00eda.\u00a0<\/p>\t\t\t\t\t\t\t\t<\/div>\n\t\t\t\t<\/div>\n\t\t\t\t\t<\/div>\n\t\t<\/div>\n\t\t\t\t\t<\/div>\n\t\t<\/section>\n\t\t\t\t\t<\/div>\n\t\t<\/div>\n\t\t\t\t\t<\/div>\n\t\t<\/section>\n\t\t\t\t<\/div>\n\t\t","protected":false},"excerpt":{"rendered":"<p>CR\u00d3NICA DE UN EVENTO EN VIVO &#8211; FERIA DEL LIBRO Por Valer\u00eda Calafatti \u201cDecid\u00ed no hablar sobre el personaje Javier Milei, su psiquis, sobre sus an\u00e9cdotas, el libro no habla de ello. Yo hablo de lo que se construy\u00f3 antes, cu\u00e1l fue el germen del movimiento que luego se configur\u00f3 en torno a su figura [&hellip;]<\/p>\n","protected":false},"author":4,"featured_media":23954,"comment_status":"closed","ping_status":"closed","sticky":false,"template":"","format":"standard","meta":{"footnotes":""},"categories":[110],"tags":[],"class_list":["post-23947","post","type-post","status-publish","format-standard","has-post-thumbnail","hentry","category-cronicas"],"_links":{"self":[{"href":"https:\/\/fadeweb.uncoma.edu.ar\/index.php\/wp-json\/wp\/v2\/posts\/23947","targetHints":{"allow":["GET"]}}],"collection":[{"href":"https:\/\/fadeweb.uncoma.edu.ar\/index.php\/wp-json\/wp\/v2\/posts"}],"about":[{"href":"https:\/\/fadeweb.uncoma.edu.ar\/index.php\/wp-json\/wp\/v2\/types\/post"}],"author":[{"embeddable":true,"href":"https:\/\/fadeweb.uncoma.edu.ar\/index.php\/wp-json\/wp\/v2\/users\/4"}],"replies":[{"embeddable":true,"href":"https:\/\/fadeweb.uncoma.edu.ar\/index.php\/wp-json\/wp\/v2\/comments?post=23947"}],"version-history":[{"count":6,"href":"https:\/\/fadeweb.uncoma.edu.ar\/index.php\/wp-json\/wp\/v2\/posts\/23947\/revisions"}],"predecessor-version":[{"id":24938,"href":"https:\/\/fadeweb.uncoma.edu.ar\/index.php\/wp-json\/wp\/v2\/posts\/23947\/revisions\/24938"}],"wp:featuredmedia":[{"embeddable":true,"href":"https:\/\/fadeweb.uncoma.edu.ar\/index.php\/wp-json\/wp\/v2\/media\/23954"}],"wp:attachment":[{"href":"https:\/\/fadeweb.uncoma.edu.ar\/index.php\/wp-json\/wp\/v2\/media?parent=23947"}],"wp:term":[{"taxonomy":"category","embeddable":true,"href":"https:\/\/fadeweb.uncoma.edu.ar\/index.php\/wp-json\/wp\/v2\/categories?post=23947"},{"taxonomy":"post_tag","embeddable":true,"href":"https:\/\/fadeweb.uncoma.edu.ar\/index.php\/wp-json\/wp\/v2\/tags?post=23947"}],"curies":[{"name":"wp","href":"https:\/\/api.w.org\/{rel}","templated":true}]}}