{"id":23936,"date":"2025-03-21T11:04:10","date_gmt":"2025-03-21T14:04:10","guid":{"rendered":"https:\/\/fadeweb.uncoma.edu.ar\/?p=23936"},"modified":"2025-05-08T12:45:03","modified_gmt":"2025-05-08T15:45:03","slug":"6-de-abril-en-honor-a-omar-carrasco","status":"publish","type":"post","link":"https:\/\/fadeweb.uncoma.edu.ar\/index.php\/2025\/03\/21\/6-de-abril-en-honor-a-omar-carrasco\/","title":{"rendered":"\u201c6 de abril\u201d, en honor a Omar Carrasco"},"content":{"rendered":"\t\t<div data-elementor-type=\"wp-post\" data-elementor-id=\"23936\" class=\"elementor elementor-23936\" data-elementor-post-type=\"post\">\n\t\t\t\t\t\t<section class=\"elementor-section elementor-top-section elementor-element elementor-element-621f523 elementor-section-boxed elementor-section-height-default elementor-section-height-default\" data-id=\"621f523\" data-element_type=\"section\" data-e-type=\"section\">\n\t\t\t\t\t\t<div class=\"elementor-container elementor-column-gap-default\">\n\t\t\t\t\t<div class=\"elementor-column elementor-col-100 elementor-top-column elementor-element elementor-element-236544f\" data-id=\"236544f\" data-element_type=\"column\" data-e-type=\"column\">\n\t\t\t<div class=\"elementor-widget-wrap elementor-element-populated\">\n\t\t\t\t\t\t<section class=\"elementor-section elementor-inner-section elementor-element elementor-element-eca5808 elementor-section-boxed elementor-section-height-default elementor-section-height-default\" data-id=\"eca5808\" data-element_type=\"section\" data-e-type=\"section\">\n\t\t\t\t\t\t<div class=\"elementor-container elementor-column-gap-default\">\n\t\t\t\t\t<div class=\"elementor-column elementor-col-50 elementor-inner-column elementor-element elementor-element-73b1e02\" data-id=\"73b1e02\" data-element_type=\"column\" data-e-type=\"column\">\n\t\t\t<div class=\"elementor-widget-wrap elementor-element-populated\">\n\t\t\t\t\t\t<div class=\"elementor-element elementor-element-45c628e elementor-widget elementor-widget-image\" data-id=\"45c628e\" data-element_type=\"widget\" data-e-type=\"widget\" data-widget_type=\"image.default\">\n\t\t\t\t<div class=\"elementor-widget-container\">\n\t\t\t\t\t\t\t\t\t\t\t\t\t\t\t<img fetchpriority=\"high\" decoding=\"async\" width=\"409\" height=\"306\" src=\"https:\/\/fadeweb.uncoma.edu.ar\/wp-content\/uploads\/2025\/03\/6-de-abril-2.-rosana-zeballos.jpg\" class=\"attachment-large size-large wp-image-23937\" alt=\"\u201c6 de abril\u201d, en honor a Omar Carrasco\" srcset=\"https:\/\/fadeweb.uncoma.edu.ar\/wp-content\/uploads\/2025\/03\/6-de-abril-2.-rosana-zeballos.jpg 409w, https:\/\/fadeweb.uncoma.edu.ar\/wp-content\/uploads\/2025\/03\/6-de-abril-2.-rosana-zeballos-300x224.jpg 300w\" sizes=\"(max-width: 409px) 100vw, 409px\" \/>\t\t\t\t\t\t\t\t\t\t\t\t\t\t\t<\/div>\n\t\t\t\t<\/div>\n\t\t\t\t\t<\/div>\n\t\t<\/div>\n\t\t\t\t<div class=\"elementor-column elementor-col-50 elementor-inner-column elementor-element elementor-element-35a8e07\" data-id=\"35a8e07\" data-element_type=\"column\" data-e-type=\"column\">\n\t\t\t<div class=\"elementor-widget-wrap elementor-element-populated\">\n\t\t\t\t\t\t<div class=\"elementor-element elementor-element-f6c86cc elementor-widget elementor-widget-heading\" data-id=\"f6c86cc\" data-element_type=\"widget\" data-e-type=\"widget\" data-widget_type=\"heading.default\">\n\t\t\t\t<div class=\"elementor-widget-container\">\n\t\t\t\t\t<h2 class=\"elementor-heading-title elementor-size-default\">CR\u00d3NICA DE UN EVENTO EN VIVO - RODAJE<\/h2>\t\t\t\t<\/div>\n\t\t\t\t<\/div>\n\t\t\t\t<div class=\"elementor-element elementor-element-f8fce3e elementor-widget elementor-widget-text-editor\" data-id=\"f8fce3e\" data-element_type=\"widget\" data-e-type=\"widget\" data-widget_type=\"text-editor.default\">\n\t\t\t\t<div class=\"elementor-widget-container\">\n\t\t\t\t\t\t\t\t\t<p>Por Rosana Zeballos<\/p><p><em>Entre el 9 y el 14 de septiembre se filma en el coraz\u00f3n de la provincia de Neuqu\u00e9n un cortometraje que recuerda al joven Omar Carrasco.<\/em><\/p><p>Zapala. Septiembre de 2024. El sol enrojece las caras de los presentes. Los matorrales est\u00e1n quietos, cosa rara en estos lugares en los que el viento azota constantemente. Tal vez hoy algo (o alguien), desde alg\u00fan lugar lejano, decidi\u00f3 darles una tregua.<\/p><p>El cielo muestra un par de nubes esponjosas que se funden con las cumbres nevadas, a lo lejos. El rancho se puede ver desde la ruta, parece cercano, pero llegar es bastante inaccesible porque el camino es angosto y el ripio tiene piedras en forma de punta. La casita es r\u00fastica. El corral, el patio y el galp\u00f3n se van llenando de a poco de tr\u00edpodes, booms, cables, c\u00e1maras, luces y otros elementos tecnol\u00f3gicos que contrastan con el paisaje. Las gallinas, los cachorros de perro y los caballos empiezan a convivir con el equipo de 25 t\u00e9cnicos y actores, que rompen el silencio de la casa.<\/p><p>Agnese Boaretto, joven cineasta neuquina, es la encargada de dirigir la nave que llevar\u00e1 al cortometraje \u201c6 de abril\u201d a la pantalla grande. En esa fecha, en 1994, se encontr\u00f3 el cuerpo del joven Omar Carrasco en el regimiento del Grupo de Artiller\u00eda 161, en la misma ciudad en la que comenz\u00f3 el rodaje. Hoy, a 30 a\u00f1os de aquel tr\u00e1gico hecho, Agnese aborda el tema con sutileza, en una historia llena de ternura. La historia cuenta, en esencia, un acto de amistad atravesada por aquel contexto social.<\/p><p>Los pobladores locales miran con curiosidad, reciben al equipo con una sonrisa, ofrecen tortas fritas y muestran esa t\u00edpica hospitalidad campera que abre los brazos a quienes se acercan con respeto a mostrar parte de su cultura.<\/p>\t\t\t\t\t\t\t\t<\/div>\n\t\t\t\t<\/div>\n\t\t\t\t<div class=\"elementor-element elementor-element-59d42cd elementor-widget elementor-widget-image\" data-id=\"59d42cd\" data-element_type=\"widget\" data-e-type=\"widget\" data-widget_type=\"image.default\">\n\t\t\t\t<div class=\"elementor-widget-container\">\n\t\t\t\t\t\t\t\t\t\t\t\t\t\t\t<img decoding=\"async\" width=\"402\" height=\"305\" src=\"https:\/\/fadeweb.uncoma.edu.ar\/wp-content\/uploads\/2025\/03\/6-de-abril-3.-rosana-zeballos.jpg\" class=\"attachment-large size-large wp-image-23943\" alt=\"CR\u00d3NICA DE UN EVENTO EN VIVO\" srcset=\"https:\/\/fadeweb.uncoma.edu.ar\/wp-content\/uploads\/2025\/03\/6-de-abril-3.-rosana-zeballos.jpg 402w, https:\/\/fadeweb.uncoma.edu.ar\/wp-content\/uploads\/2025\/03\/6-de-abril-3.-rosana-zeballos-300x228.jpg 300w\" sizes=\"(max-width: 402px) 100vw, 402px\" \/>\t\t\t\t\t\t\t\t\t\t\t\t\t\t\t<\/div>\n\t\t\t\t<\/div>\n\t\t\t\t<div class=\"elementor-element elementor-element-21a7459 elementor-widget elementor-widget-text-editor\" data-id=\"21a7459\" data-element_type=\"widget\" data-e-type=\"widget\" data-widget_type=\"text-editor.default\">\n\t\t\t\t<div class=\"elementor-widget-container\">\n\t\t\t\t\t\t\t\t\t<p>Omar Carrasco fue un joven de 19 a\u00f1os, de Cutral C\u00f3, quien el 3 de marzo de 1994 fue sorteado para cumplir con el servicio Militar obligatorio en Zapala. Tres d\u00edas despu\u00e9s de haber llegado fue reportado como desertor. Sus padres lo describ\u00edan como un joven muy t\u00edmido, incapaz de desobedecer una orden. El 6 de abril su cuerpo fue encontrado al pie de un cerro dentro del cuartel. La investigaci\u00f3n determin\u00f3 que el joven hab\u00eda sido brutalmente golpeado. El caso tuvo una gran repercusi\u00f3n a nivel nacional. Ante la presi\u00f3n social y antes de que el caso estuviera esclarecido, el presidente Carlos Menem derog\u00f3 el servicio militar obligatorio por decreto.<\/p><p>La mayor\u00eda de los actores tienen menos de 30 a\u00f1os. Est\u00e1n contando una historia con pinceladas de ternura. Sin embargo, durante los momentos de descanso, la figura de Omar aparece constantemente. Datos, trascendidos, se comparten en la complicidad del mate que pasa de mano en mano.<\/p><p>El rodaje durar\u00e1 siete d\u00edas, recorre varias locaciones rurales y otras, como el aeropuerto, m\u00e1s cercanas a la ciudad. En cada escena trabajan profesionales de Jujuy, Mendoza, Buenos Aires, R\u00edo Negro y Neuqu\u00e9n. Un par de zapalinos, amateurs, tambi\u00e9n participan con peque\u00f1os roles. Se genera un movimiento de traslados, alojamiento, comidas; que no pasa desapercibido a la gente local. En tiempos en donde el cine independiente pretende ser diezmado, un rodaje, por peque\u00f1o que sea, es un acto de resistencia.<\/p><p><strong>6 de abril:<\/strong><\/p><p>Direcci\u00f3n: Agnese Boaretto<\/p><p>Producci\u00f3n: Mariana Bel\u00e9n Rodr\u00edguez<\/p><p>Productora: Frater audiovisual.<\/p>\t\t\t\t\t\t\t\t<\/div>\n\t\t\t\t<\/div>\n\t\t\t\t\t<\/div>\n\t\t<\/div>\n\t\t\t\t\t<\/div>\n\t\t<\/section>\n\t\t\t\t\t<\/div>\n\t\t<\/div>\n\t\t\t\t\t<\/div>\n\t\t<\/section>\n\t\t\t\t<\/div>\n\t\t","protected":false},"excerpt":{"rendered":"<p>CR\u00d3NICA DE UN EVENTO EN VIVO &#8211; RODAJE Por Rosana Zeballos Entre el 9 y el 14 de septiembre se filma en el coraz\u00f3n de la provincia de Neuqu\u00e9n un cortometraje que recuerda al joven Omar Carrasco. Zapala. Septiembre de 2024. El sol enrojece las caras de los presentes. Los matorrales est\u00e1n quietos, cosa rara [&hellip;]<\/p>\n","protected":false},"author":4,"featured_media":23937,"comment_status":"closed","ping_status":"closed","sticky":false,"template":"","format":"standard","meta":{"footnotes":""},"categories":[110],"tags":[],"class_list":["post-23936","post","type-post","status-publish","format-standard","has-post-thumbnail","hentry","category-cronicas"],"_links":{"self":[{"href":"https:\/\/fadeweb.uncoma.edu.ar\/index.php\/wp-json\/wp\/v2\/posts\/23936","targetHints":{"allow":["GET"]}}],"collection":[{"href":"https:\/\/fadeweb.uncoma.edu.ar\/index.php\/wp-json\/wp\/v2\/posts"}],"about":[{"href":"https:\/\/fadeweb.uncoma.edu.ar\/index.php\/wp-json\/wp\/v2\/types\/post"}],"author":[{"embeddable":true,"href":"https:\/\/fadeweb.uncoma.edu.ar\/index.php\/wp-json\/wp\/v2\/users\/4"}],"replies":[{"embeddable":true,"href":"https:\/\/fadeweb.uncoma.edu.ar\/index.php\/wp-json\/wp\/v2\/comments?post=23936"}],"version-history":[{"count":9,"href":"https:\/\/fadeweb.uncoma.edu.ar\/index.php\/wp-json\/wp\/v2\/posts\/23936\/revisions"}],"predecessor-version":[{"id":24933,"href":"https:\/\/fadeweb.uncoma.edu.ar\/index.php\/wp-json\/wp\/v2\/posts\/23936\/revisions\/24933"}],"wp:featuredmedia":[{"embeddable":true,"href":"https:\/\/fadeweb.uncoma.edu.ar\/index.php\/wp-json\/wp\/v2\/media\/23937"}],"wp:attachment":[{"href":"https:\/\/fadeweb.uncoma.edu.ar\/index.php\/wp-json\/wp\/v2\/media?parent=23936"}],"wp:term":[{"taxonomy":"category","embeddable":true,"href":"https:\/\/fadeweb.uncoma.edu.ar\/index.php\/wp-json\/wp\/v2\/categories?post=23936"},{"taxonomy":"post_tag","embeddable":true,"href":"https:\/\/fadeweb.uncoma.edu.ar\/index.php\/wp-json\/wp\/v2\/tags?post=23936"}],"curies":[{"name":"wp","href":"https:\/\/api.w.org\/{rel}","templated":true}]}}