{"id":23933,"date":"2025-03-21T11:49:00","date_gmt":"2025-03-21T14:49:00","guid":{"rendered":"https:\/\/fadeweb.uncoma.edu.ar\/?p=23933"},"modified":"2025-03-21T11:49:00","modified_gmt":"2025-03-21T14:49:00","slug":"muestra-bibliografica-de-libros-prohibidos-en-la-biblioteca-de-la-fadecs","status":"publish","type":"post","link":"https:\/\/fadeweb.uncoma.edu.ar\/index.php\/2025\/03\/21\/muestra-bibliografica-de-libros-prohibidos-en-la-biblioteca-de-la-fadecs\/","title":{"rendered":"MUESTRA BIBLIOGR\u00c1FICA DE LIBROS PROHIBIDOS, EN LA BIBLIOTECA DE LA FADECS"},"content":{"rendered":"<p><img fetchpriority=\"high\" decoding=\"async\" class=\"alignnone wp-image-23934\" src=\"https:\/\/fadeweb.uncoma.edu.ar\/wp-content\/uploads\/2025\/03\/BIBLI2-688x1024.jpeg\" alt=\"MUESTRA BIBLIOGR\u00c1FICA DE LIBROS PROHIBIDOS, EN LA BIBLIOTECA DE LA FADECS\" width=\"403\" height=\"600\" srcset=\"https:\/\/fadeweb.uncoma.edu.ar\/wp-content\/uploads\/2025\/03\/BIBLI2-688x1024.jpeg 688w, https:\/\/fadeweb.uncoma.edu.ar\/wp-content\/uploads\/2025\/03\/BIBLI2-201x300.jpeg 201w, https:\/\/fadeweb.uncoma.edu.ar\/wp-content\/uploads\/2025\/03\/BIBLI2-768x1143.jpeg 768w, https:\/\/fadeweb.uncoma.edu.ar\/wp-content\/uploads\/2025\/03\/BIBLI2.jpeg 900w\" sizes=\"(max-width: 403px) 100vw, 403px\" \/><\/p>\n<p>La Biblioteca \u201cErnesto S\u00e1bato\u201d de la FADECS-UNCo, inaugur\u00f3 la muestra bibliogr\u00e1fica alusiva al 24 de marzo, en la que se exhiben obras prohibidas durante la \u00faltima dictadura. La directora de la biblioteca Ver\u00f3nica Mercado hizo extensiva la invitaci\u00f3n a visitar la muestra a la comunidad universitaria y a la poblaci\u00f3n en general. Cabe recordar que la biblioteca fue proclamada \u201cCasa de la memoria, la verdad y la justicia\u201d por el Consejo Directivo de nuestra casa de estudios, en la sesi\u00f3n celebrada el viernes 23 de febrero de 2024. El proyecto fue impulsado por Mercado y se origin\u00f3 a partir de una iniciativa de la Red por el derecho a la identidad (Expediente N\u00ba1488).<\/p>\n","protected":false},"excerpt":{"rendered":"<p>La Biblioteca \u201cErnesto S\u00e1bato\u201d de la FADECS-UNCo, inaugur\u00f3 la muestra bibliogr\u00e1fica alusiva al 24 de marzo, en la que se exhiben obras prohibidas durante la \u00faltima dictadura. La directora de la biblioteca Ver\u00f3nica Mercado hizo extensiva la invitaci\u00f3n a visitar la muestra a la comunidad universitaria y a la poblaci\u00f3n en general. Cabe recordar que [&hellip;]<\/p>\n","protected":false},"author":4,"featured_media":23935,"comment_status":"closed","ping_status":"closed","sticky":false,"template":"","format":"standard","meta":{"footnotes":""},"categories":[5],"tags":[],"class_list":["post-23933","post","type-post","status-publish","format-standard","has-post-thumbnail","hentry","category-notifadecs"],"_links":{"self":[{"href":"https:\/\/fadeweb.uncoma.edu.ar\/index.php\/wp-json\/wp\/v2\/posts\/23933","targetHints":{"allow":["GET"]}}],"collection":[{"href":"https:\/\/fadeweb.uncoma.edu.ar\/index.php\/wp-json\/wp\/v2\/posts"}],"about":[{"href":"https:\/\/fadeweb.uncoma.edu.ar\/index.php\/wp-json\/wp\/v2\/types\/post"}],"author":[{"embeddable":true,"href":"https:\/\/fadeweb.uncoma.edu.ar\/index.php\/wp-json\/wp\/v2\/users\/4"}],"replies":[{"embeddable":true,"href":"https:\/\/fadeweb.uncoma.edu.ar\/index.php\/wp-json\/wp\/v2\/comments?post=23933"}],"version-history":[{"count":1,"href":"https:\/\/fadeweb.uncoma.edu.ar\/index.php\/wp-json\/wp\/v2\/posts\/23933\/revisions"}],"predecessor-version":[{"id":23953,"href":"https:\/\/fadeweb.uncoma.edu.ar\/index.php\/wp-json\/wp\/v2\/posts\/23933\/revisions\/23953"}],"wp:featuredmedia":[{"embeddable":true,"href":"https:\/\/fadeweb.uncoma.edu.ar\/index.php\/wp-json\/wp\/v2\/media\/23935"}],"wp:attachment":[{"href":"https:\/\/fadeweb.uncoma.edu.ar\/index.php\/wp-json\/wp\/v2\/media?parent=23933"}],"wp:term":[{"taxonomy":"category","embeddable":true,"href":"https:\/\/fadeweb.uncoma.edu.ar\/index.php\/wp-json\/wp\/v2\/categories?post=23933"},{"taxonomy":"post_tag","embeddable":true,"href":"https:\/\/fadeweb.uncoma.edu.ar\/index.php\/wp-json\/wp\/v2\/tags?post=23933"}],"curies":[{"name":"wp","href":"https:\/\/api.w.org\/{rel}","templated":true}]}}