{"id":23756,"date":"2025-03-14T14:35:41","date_gmt":"2025-03-14T17:35:41","guid":{"rendered":"https:\/\/fadeweb.uncoma.edu.ar\/?p=23756"},"modified":"2025-03-14T14:35:41","modified_gmt":"2025-03-14T17:35:41","slug":"la-fadecs-y-el-ministerio-de-modernizacion-de-rio-negro-profundizan-lineas-de-trabajo-conjunto","status":"publish","type":"post","link":"https:\/\/fadeweb.uncoma.edu.ar\/index.php\/2025\/03\/14\/la-fadecs-y-el-ministerio-de-modernizacion-de-rio-negro-profundizan-lineas-de-trabajo-conjunto\/","title":{"rendered":"LA FADECS Y EL MINISTERIO DE MODERNIZACI\u00d3N DE R\u00cdO NEGRO PROFUNDIZAN L\u00cdNEAS DE TRABAJO CONJUNTO"},"content":{"rendered":"<p><img fetchpriority=\"high\" decoding=\"async\" class=\"alignnone wp-image-23757\" src=\"https:\/\/fadeweb.uncoma.edu.ar\/wp-content\/uploads\/2025\/03\/conectividad-digital0-1024x635.jpg\" alt=\"LA FADECS Y EL MINISTERIO DE MODERNIZACI\u00d3N DE R\u00cdO NEGRO PROFUNDIZAN L\u00cdNEAS DE TRABAJO CONJUNTO\" width=\"600\" height=\"372\" srcset=\"https:\/\/fadeweb.uncoma.edu.ar\/wp-content\/uploads\/2025\/03\/conectividad-digital0-1024x635.jpg 1024w, https:\/\/fadeweb.uncoma.edu.ar\/wp-content\/uploads\/2025\/03\/conectividad-digital0-300x186.jpg 300w, https:\/\/fadeweb.uncoma.edu.ar\/wp-content\/uploads\/2025\/03\/conectividad-digital0-768x476.jpg 768w, https:\/\/fadeweb.uncoma.edu.ar\/wp-content\/uploads\/2025\/03\/conectividad-digital0.jpg 1280w\" sizes=\"(max-width: 600px) 100vw, 600px\" \/><\/p>\n<p>El decano de la FADECS Juan Carlos Fern\u00e1ndez recibi\u00f3 al ministro de Modernizaci\u00f3n de R\u00edo Negro Milton Dumrauf, con quien profundiz\u00f3 los v\u00ednculos de integraci\u00f3n en distintas \u00e1reas, tanto tecnol\u00f3gica como de extensi\u00f3n y planificaci\u00f3n estrat\u00e9gica. El encuentro se desarroll\u00f3 el viernes 14 de marzo de 2025 y formaron parte de la reuni\u00f3n la Secretaria de Extensi\u00f3n Sofia Szechenyi, el legislador Fabian Zgaib y el director del Centro Administrativo de General Roca, Juan Duran.<\/p>\n<p>El decano Fern\u00e1ndez enfatiz\u00f3 el inter\u00e9s del ministro por el trabajo en distintas l\u00edneas de acci\u00f3n vinculadas a la conectividad digital y detall\u00f3 las posibilidades de incorporaci\u00f3n en ese \u00e1mbito, de aportes que se pueden hacer desde las ciencias jur\u00eddicas y sociales a la provincia de R\u00edo Negro.<\/p>\n<p>Por su parte, el ministro Dumrauf agradeci\u00f3 la recepci\u00f3n que le brind\u00f3 el decano de la FADECS, en un encuentro que se enmarc\u00f3 en el programa de la Direcci\u00f3n del Registro Civil y Capacidad de las Personas, de acercar servicios a la comunidad, tal como la emisi\u00f3n de DNI y firma digital.<\/p>\n<p>\u00abEl trabajo que se desarroll\u00f3 con el decano y su equipo se orient\u00f3 a l\u00edneas de acci\u00f3n dirigidas a ampliar el programa para la casa de estudios, y a articular diversas l\u00edneas de las \u00e1reas a mi cargo, tanto del Ministerio de Modernizaci\u00f3n como de la Secretar\u00eda de Asuntos Estrat\u00e9gicos y Planificaci\u00f3n, en las cuales la universidad nos puede hacer aportes muy interesantes. De igual manera, se buscar\u00e1 avanzar en una posible integraci\u00f3n de la FADECS y de la UNCo en el Ecosistema Digital de Integrabilidad (EDI RN), que es uno de los principales proyectos del ministerio de Modernizaci\u00f3n\u00bb, dijo.<\/p>\n<p>Seg\u00fan record\u00f3 el decano Juan Carlos Fern\u00e1ndez esta nueva l\u00ednea de trabajo se suma a las que ya viene articulando la FADECS a trav\u00e9s de la Unidad Provincial de Enlace con Universidades, a cargo de la Lic. Daiana Neri, en sistemas de becas, proyectos de investigaci\u00f3n y pasant\u00edas, todo lo cual profundiza la integraci\u00f3n entre la FADECS-UNCo y la provincia de R\u00edo Negro.<\/p>\n","protected":false},"excerpt":{"rendered":"<p>El decano de la FADECS Juan Carlos Fern\u00e1ndez recibi\u00f3 al ministro de Modernizaci\u00f3n de R\u00edo Negro Milton Dumrauf, con quien profundiz\u00f3 los v\u00ednculos de integraci\u00f3n en distintas \u00e1reas, tanto tecnol\u00f3gica como de extensi\u00f3n y planificaci\u00f3n estrat\u00e9gica. El encuentro se desarroll\u00f3 el viernes 14 de marzo de 2025 y formaron parte de la reuni\u00f3n la Secretaria [&hellip;]<\/p>\n","protected":false},"author":4,"featured_media":23757,"comment_status":"closed","ping_status":"closed","sticky":false,"template":"","format":"standard","meta":{"footnotes":""},"categories":[5],"tags":[],"class_list":["post-23756","post","type-post","status-publish","format-standard","has-post-thumbnail","hentry","category-notifadecs"],"_links":{"self":[{"href":"https:\/\/fadeweb.uncoma.edu.ar\/index.php\/wp-json\/wp\/v2\/posts\/23756","targetHints":{"allow":["GET"]}}],"collection":[{"href":"https:\/\/fadeweb.uncoma.edu.ar\/index.php\/wp-json\/wp\/v2\/posts"}],"about":[{"href":"https:\/\/fadeweb.uncoma.edu.ar\/index.php\/wp-json\/wp\/v2\/types\/post"}],"author":[{"embeddable":true,"href":"https:\/\/fadeweb.uncoma.edu.ar\/index.php\/wp-json\/wp\/v2\/users\/4"}],"replies":[{"embeddable":true,"href":"https:\/\/fadeweb.uncoma.edu.ar\/index.php\/wp-json\/wp\/v2\/comments?post=23756"}],"version-history":[{"count":1,"href":"https:\/\/fadeweb.uncoma.edu.ar\/index.php\/wp-json\/wp\/v2\/posts\/23756\/revisions"}],"predecessor-version":[{"id":23758,"href":"https:\/\/fadeweb.uncoma.edu.ar\/index.php\/wp-json\/wp\/v2\/posts\/23756\/revisions\/23758"}],"wp:featuredmedia":[{"embeddable":true,"href":"https:\/\/fadeweb.uncoma.edu.ar\/index.php\/wp-json\/wp\/v2\/media\/23757"}],"wp:attachment":[{"href":"https:\/\/fadeweb.uncoma.edu.ar\/index.php\/wp-json\/wp\/v2\/media?parent=23756"}],"wp:term":[{"taxonomy":"category","embeddable":true,"href":"https:\/\/fadeweb.uncoma.edu.ar\/index.php\/wp-json\/wp\/v2\/categories?post=23756"},{"taxonomy":"post_tag","embeddable":true,"href":"https:\/\/fadeweb.uncoma.edu.ar\/index.php\/wp-json\/wp\/v2\/tags?post=23756"}],"curies":[{"name":"wp","href":"https:\/\/api.w.org\/{rel}","templated":true}]}}