{"id":23745,"date":"2025-03-14T12:52:38","date_gmt":"2025-03-14T15:52:38","guid":{"rendered":"https:\/\/fadeweb.uncoma.edu.ar\/?p=23745"},"modified":"2025-03-14T12:52:38","modified_gmt":"2025-03-14T15:52:38","slug":"materiales-de-divulgacion-de-fadecs-y-fadel-el-audiovisual-narrativas-y-representaciones-patagonicas","status":"publish","type":"post","link":"https:\/\/fadeweb.uncoma.edu.ar\/index.php\/2025\/03\/14\/materiales-de-divulgacion-de-fadecs-y-fadel-el-audiovisual-narrativas-y-representaciones-patagonicas\/","title":{"rendered":"MATERIALES DE DIVULGACI\u00d3N DE FADECS Y FADEL: EL AUDIOVISUAL, NARRATIVAS Y REPRESENTACIONES PATAG\u00d3NICAS"},"content":{"rendered":"<div style=\"width: 800px;\" class=\"wp-video\"><video class=\"wp-video-shortcode\" id=\"video-23745-1\" width=\"800\" height=\"1422\" preload=\"metadata\" controls=\"controls\"><source type=\"video\/mp4\" src=\"https:\/\/fadeweb.uncoma.edu.ar\/wp-content\/uploads\/2025\/03\/ELAUDIOVISUALPATAGONICOok.mp4?_=1\" \/><a href=\"https:\/\/fadeweb.uncoma.edu.ar\/wp-content\/uploads\/2025\/03\/ELAUDIOVISUALPATAGONICOok.mp4\">https:\/\/fadeweb.uncoma.edu.ar\/wp-content\/uploads\/2025\/03\/ELAUDIOVISUALPATAGONICOok.mp4<\/a><\/video><\/div>\n<p>Este nuevo material se enmarca en la propuesta \u00ab\u00bfQu\u00e9 aportamos desde la universidad?\u00bb, destinado a visibilizar nuestro trabajo de investigaci\u00f3n y extensi\u00f3n en FADECS-FADEL.<\/p>\n<h2>EL AUDIOVISUAL, NARRATIVAS Y REPRESENTACIONES PATAG\u00d3NICAS<\/h2>\n<p>El proyecto se propone abordar las producciones y realizaciones audiovisuales, los cambios que se fueron gestando desde a\u00f1o 2009 a partir de la creaci\u00f3n de la Ley 26.522 de Servicios de Comunicaci\u00f3n Audiovisual en Argentina, hasta la actualidad. Sus integrantes optan por acotar la mirada en la Patagonia Norte. Lugar desde donde, se toma como punto de partida, las realizaciones audiovisuales llevadas adelante a partir de la puesta en marcha de \u201cpol\u00edticas p\u00fablicas\u201d aplicadas por el Instituto Nacional de Cine y Artes Audiovisuales, pero a su vez y en paralelo, las producciones \u201cindependientes\u201d, \u201ccomunitarias\u201d y las producidas por los medios de comunicaci\u00f3n, que se desarrollaron y desarrollan en el mismo territorio. Este \u00e1mbito geogr\u00e1fico, social, cultural, pol\u00edtico y econ\u00f3mico, es el escenario donde se desenvuelve la producci\u00f3n de los y las realizadores audiovisuales protagonistas de la investigaci\u00f3n propuesta.<\/p>\n<p>Las producciones est\u00e1n alojadas en <a href=\"https:\/\/divulgacion.uncoma.edu.ar\/\">https:\/\/divulgacion.uncoma.edu.ar\/<\/a><\/p>\n","protected":false},"excerpt":{"rendered":"<p>Este nuevo material se enmarca en la propuesta \u00ab\u00bfQu\u00e9 aportamos desde la universidad?\u00bb, destinado a visibilizar nuestro trabajo de investigaci\u00f3n y extensi\u00f3n en FADECS-FADEL. EL AUDIOVISUAL, NARRATIVAS Y REPRESENTACIONES PATAG\u00d3NICAS El proyecto se propone abordar las producciones y realizaciones audiovisuales, los cambios que se fueron gestando desde a\u00f1o 2009 a partir de la creaci\u00f3n de [&hellip;]<\/p>\n","protected":false},"author":4,"featured_media":23750,"comment_status":"closed","ping_status":"closed","sticky":false,"template":"","format":"standard","meta":{"footnotes":""},"categories":[5],"tags":[],"class_list":["post-23745","post","type-post","status-publish","format-standard","has-post-thumbnail","hentry","category-notifadecs"],"_links":{"self":[{"href":"https:\/\/fadeweb.uncoma.edu.ar\/index.php\/wp-json\/wp\/v2\/posts\/23745","targetHints":{"allow":["GET"]}}],"collection":[{"href":"https:\/\/fadeweb.uncoma.edu.ar\/index.php\/wp-json\/wp\/v2\/posts"}],"about":[{"href":"https:\/\/fadeweb.uncoma.edu.ar\/index.php\/wp-json\/wp\/v2\/types\/post"}],"author":[{"embeddable":true,"href":"https:\/\/fadeweb.uncoma.edu.ar\/index.php\/wp-json\/wp\/v2\/users\/4"}],"replies":[{"embeddable":true,"href":"https:\/\/fadeweb.uncoma.edu.ar\/index.php\/wp-json\/wp\/v2\/comments?post=23745"}],"version-history":[{"count":1,"href":"https:\/\/fadeweb.uncoma.edu.ar\/index.php\/wp-json\/wp\/v2\/posts\/23745\/revisions"}],"predecessor-version":[{"id":23751,"href":"https:\/\/fadeweb.uncoma.edu.ar\/index.php\/wp-json\/wp\/v2\/posts\/23745\/revisions\/23751"}],"wp:featuredmedia":[{"embeddable":true,"href":"https:\/\/fadeweb.uncoma.edu.ar\/index.php\/wp-json\/wp\/v2\/media\/23750"}],"wp:attachment":[{"href":"https:\/\/fadeweb.uncoma.edu.ar\/index.php\/wp-json\/wp\/v2\/media?parent=23745"}],"wp:term":[{"taxonomy":"category","embeddable":true,"href":"https:\/\/fadeweb.uncoma.edu.ar\/index.php\/wp-json\/wp\/v2\/categories?post=23745"},{"taxonomy":"post_tag","embeddable":true,"href":"https:\/\/fadeweb.uncoma.edu.ar\/index.php\/wp-json\/wp\/v2\/tags?post=23745"}],"curies":[{"name":"wp","href":"https:\/\/api.w.org\/{rel}","templated":true}]}}