{"id":23701,"date":"2025-03-12T09:34:12","date_gmt":"2025-03-12T12:34:12","guid":{"rendered":"https:\/\/fadeweb.uncoma.edu.ar\/?p=23701"},"modified":"2025-03-12T09:34:12","modified_gmt":"2025-03-12T12:34:12","slug":"materiales-de-divulgacion-de-fadecs-y-fadel-estado-y-violencias","status":"publish","type":"post","link":"https:\/\/fadeweb.uncoma.edu.ar\/index.php\/2025\/03\/12\/materiales-de-divulgacion-de-fadecs-y-fadel-estado-y-violencias\/","title":{"rendered":"MATERIALES DE DIVULGACI\u00d3N DE FADECS Y FADEL: ESTADO Y VIOLENCIAS&#8230;"},"content":{"rendered":"<div style=\"width: 800px;\" class=\"wp-video\"><video class=\"wp-video-shortcode\" id=\"video-23701-1\" width=\"800\" height=\"1422\" preload=\"metadata\" controls=\"controls\"><source type=\"video\/mp4\" src=\"https:\/\/fadeweb.uncoma.edu.ar\/wp-content\/uploads\/2025\/03\/ESTADO-Y-VIOLENCIAS.mp4?_=1\" \/><a href=\"https:\/\/fadeweb.uncoma.edu.ar\/wp-content\/uploads\/2025\/03\/ESTADO-Y-VIOLENCIAS.mp4\">https:\/\/fadeweb.uncoma.edu.ar\/wp-content\/uploads\/2025\/03\/ESTADO-Y-VIOLENCIAS.mp4<\/a><\/video><\/div>\n<p>Este nuevo material se enmarca en la propuesta \u00ab\u00bfQu\u00e9 aportamos desde la universidad?\u00bb, destinado a visibilizar nuestro trabajo de investigaci\u00f3n y extensi\u00f3n en FADECS-FADEL.<\/p>\n<p><strong>ESTADO Y VIOLENCIAS: PERSPECTIVAS Y PROBLEMAS SOBRE CONFLICTOS SOCIALES Y POL\u00cdTICAS P\u00daBLICAS EN TERRITORIOS NORPATAG\u00d3NICOS (2009-2019)<\/strong><\/p>\n<p>El objetivo de este proyecto es producir conocimiento contextualizado acerca de diversos conflictos sociales y pol\u00edticas estatales desplegadas en territorios norpatag\u00f3nicos (2009-2019), analizando el car\u00e1cter violento del Estado en diversas instituciones y niveles en relaci\u00f3n a diversos grupos socio-pol\u00edticos.<\/p>\n<p>Las producciones est\u00e1n alojadas en <a href=\"https:\/\/divulgacion.uncoma.edu.ar\/\">https:\/\/divulgacion.uncoma.edu.ar\/<\/a><\/p>\n","protected":false},"excerpt":{"rendered":"<p>Este nuevo material se enmarca en la propuesta \u00ab\u00bfQu\u00e9 aportamos desde la universidad?\u00bb, destinado a visibilizar nuestro trabajo de investigaci\u00f3n y extensi\u00f3n en FADECS-FADEL. ESTADO Y VIOLENCIAS: PERSPECTIVAS Y PROBLEMAS SOBRE CONFLICTOS SOCIALES Y POL\u00cdTICAS P\u00daBLICAS EN TERRITORIOS NORPATAG\u00d3NICOS (2009-2019) El objetivo de este proyecto es producir conocimiento contextualizado acerca de diversos conflictos sociales y [&hellip;]<\/p>\n","protected":false},"author":4,"featured_media":23702,"comment_status":"closed","ping_status":"closed","sticky":false,"template":"","format":"standard","meta":{"footnotes":""},"categories":[79,5,76],"tags":[],"class_list":["post-23701","post","type-post","status-publish","format-standard","has-post-thumbnail","hentry","category-extension","category-notifadecs","category-novedades-investigacion"],"_links":{"self":[{"href":"https:\/\/fadeweb.uncoma.edu.ar\/index.php\/wp-json\/wp\/v2\/posts\/23701","targetHints":{"allow":["GET"]}}],"collection":[{"href":"https:\/\/fadeweb.uncoma.edu.ar\/index.php\/wp-json\/wp\/v2\/posts"}],"about":[{"href":"https:\/\/fadeweb.uncoma.edu.ar\/index.php\/wp-json\/wp\/v2\/types\/post"}],"author":[{"embeddable":true,"href":"https:\/\/fadeweb.uncoma.edu.ar\/index.php\/wp-json\/wp\/v2\/users\/4"}],"replies":[{"embeddable":true,"href":"https:\/\/fadeweb.uncoma.edu.ar\/index.php\/wp-json\/wp\/v2\/comments?post=23701"}],"version-history":[{"count":1,"href":"https:\/\/fadeweb.uncoma.edu.ar\/index.php\/wp-json\/wp\/v2\/posts\/23701\/revisions"}],"predecessor-version":[{"id":23704,"href":"https:\/\/fadeweb.uncoma.edu.ar\/index.php\/wp-json\/wp\/v2\/posts\/23701\/revisions\/23704"}],"wp:featuredmedia":[{"embeddable":true,"href":"https:\/\/fadeweb.uncoma.edu.ar\/index.php\/wp-json\/wp\/v2\/media\/23702"}],"wp:attachment":[{"href":"https:\/\/fadeweb.uncoma.edu.ar\/index.php\/wp-json\/wp\/v2\/media?parent=23701"}],"wp:term":[{"taxonomy":"category","embeddable":true,"href":"https:\/\/fadeweb.uncoma.edu.ar\/index.php\/wp-json\/wp\/v2\/categories?post=23701"},{"taxonomy":"post_tag","embeddable":true,"href":"https:\/\/fadeweb.uncoma.edu.ar\/index.php\/wp-json\/wp\/v2\/tags?post=23701"}],"curies":[{"name":"wp","href":"https:\/\/api.w.org\/{rel}","templated":true}]}}