{"id":2370,"date":"2021-05-27T15:38:29","date_gmt":"2021-05-27T15:38:29","guid":{"rendered":"http:\/\/web.fadecs.uncoma.edu.ar\/?p=2370"},"modified":"2022-10-11T19:34:24","modified_gmt":"2022-10-11T22:34:24","slug":"acta-de-inscripcion-para-cubrir-cargos-interinos-y-suplentes-2","status":"publish","type":"post","link":"https:\/\/fadeweb.uncoma.edu.ar\/index.php\/2021\/05\/27\/acta-de-inscripcion-para-cubrir-cargos-interinos-y-suplentes-2\/","title":{"rendered":"ACTA DE INSCRIPCION PARA CUBRIR CARGOS INTERINOS Y SUPLENTES"},"content":{"rendered":"<p class=\"texto\">ACTA DE INSCRIPCION En la ciudad de General Roca, provincia de R\u00edo Negro, a los 26 d\u00edas del mes de mayo de 2021, siendo las 10:30 horas, se deja constancia que se han recibido en el correo electr\u00f3nico del Departamento Docente, de la Facultad de Derecho y Ciencias Sociales determinado al efecto, las siguientes inscripciones para cubrir cargos Docentes Interinos y Suplentes para los Departamentos de Derecho Privado y Derecho P\u00fablico, de esta Facultad, resultando la siguiente n\u00f3mina:<\/p>\n<table border=\"0\" width=\"100%\" cellspacing=\"3\" cellpadding=\"0\">\n<tbody>\n<tr>\n<td valign=\"top\" width=\"110\">\n<p class=\"tabla1\" align=\"center\"><strong>Departamento<\/strong><\/p>\n<\/td>\n<td valign=\"top\" width=\"98\">\n<p class=\"tabla1\" align=\"center\"><strong>\u00c1rea<\/strong><\/p>\n<\/td>\n<td valign=\"top\" width=\"129\">\n<p class=\"tabla1\" align=\"center\"><strong>Orientaci\u00f3n<\/strong><\/p>\n<\/td>\n<td valign=\"top\" width=\"148\">\n<p class=\"tabla1\" align=\"center\"><strong>Asignaturas<\/strong><\/p>\n<\/td>\n<td valign=\"top\" width=\"106\">\n<p class=\"tabla1\" align=\"center\"><strong>Cargo<\/strong><\/p>\n<\/td>\n<td valign=\"top\" width=\"211\">\n<p class=\"tabla1\" align=\"center\"><strong>Inscriptos<\/strong><\/p>\n<\/td>\n<\/tr>\n<tr>\n<td class=\"tabla0\" valign=\"top\" width=\"110\">\n<p align=\"left\">DERECHO PRIVADO<\/p>\n<\/td>\n<td class=\"tabla0\" valign=\"top\" bgcolor=\"#D6D6D6\" width=\"98\">\n<p align=\"left\">Derecho Civil<\/p>\n<\/td>\n<td class=\"tabla0\" valign=\"top\" width=\"129\">\n<p align=\"left\">Sucesiones y Familia<\/p>\n<\/td>\n<td class=\"tabla0\" align=\"left\" valign=\"top\" bgcolor=\"#D6D6D6\" width=\"148\">\n<p align=\"left\">Derecho Civil V<\/p>\n<\/td>\n<td class=\"tabla0\" valign=\"top\" width=\"106\">1 AYP-3 Interino &#8211; Res. N\u00b0 081\/21-CD<\/td>\n<td class=\"tabla0\" valign=\"top\" bgcolor=\"#D6D6D6\" width=\"211\">CASSANO, Mar\u00eda Daiana (DNI 33.662.060)<br \/>\nCUADRADO, Lili\u00e1n Mar\u00eda Ver\u00f3nica (DNI 32.020.848)<br \/>\nFLORES, Virginia Ester DNI (29.727.828)<br \/>\nFERNANDEZ, Romina Beatriz (DNI 29.127.471)<br \/>\nFOERSTER, Natalia (DNI 25.752.132)<br \/>\nFONTANA, Laura (DNI 23.648.519)<br \/>\nFUENTES, Pamela Alejandra (DNI 33.823.612)<br \/>\nGARCIA MARRO, Ignacio (DNI 29.159.098)<br \/>\nGARCIA, Ver\u00f3nica Graciela (DNI 33.190.872)<br \/>\nMAUGERI, Carla (DNI 35.597.405)<br \/>\nNU\u00d1EZ, Mathias Luis (DNI 35.111.505)<br \/>\nPURRAN, Mar\u00eda Jos\u00e9 (DNI 36.626.722)<br \/>\nSUAREZ, Andrea Ivanna (DNI 34.373.300)<br \/>\nSZECHENYI, Sof\u00eda (DNI 36.151.234)<br \/>\nURRA, Marcos Javier (DNI 31.359.514)<\/td>\n<\/tr>\n<tr>\n<td class=\"tabla0\" valign=\"top\" width=\"110\">\n<p align=\"left\">DERECHO P\u00daBLICO<\/p>\n<\/td>\n<td class=\"tabla0\" valign=\"top\" bgcolor=\"#D6D6D6\" width=\"98\">\n<p align=\"left\">Recursos Naturales<\/p>\n<\/td>\n<td class=\"tabla0\" valign=\"top\" width=\"129\">\n<p align=\"left\">\n<\/td>\n<td class=\"tabla0\" align=\"left\" valign=\"top\" bgcolor=\"#D6D6D6\" width=\"148\">\n<p align=\"left\">Aspectos Jur\u00eddicos Institucionales (Facultad de Humanidades)<\/p>\n<\/td>\n<td class=\"tabla0\" valign=\"top\" width=\"106\">1 AYP -3 Suplente &#8211; Res. N\u00b0 064\/21-CD<\/td>\n<td class=\"tabla0\" valign=\"top\" bgcolor=\"#D6D6D6\" width=\"211\">GARCIA MARRO, Ignacio (DNI 29.159.098)<br \/>\nGOMIZ, Mar\u00eda Micaela (DNI 29.034.316)<br \/>\nGONZALEZ SCHLACHET, Julieta (DNI 34.610.462)<br \/>\nHORMAZABAL, Natalia Ester (DNI 29.145.091)<br \/>\nVALENZUELA, Fernanda Elizabeth (DN<\/td>\n<\/tr>\n<\/tbody>\n<\/table>\n<p class=\"texto\"><a href=\"https:\/\/fadeweb.uncoma.edu.ar\/wp-content\/uploads\/2021\/05\/3o-Acta-de-Inscrip.2021_DPu-y-Dpr_Llamado-Res.pdf\">Descargar acta de inscripciones.<\/a><\/p>\n","protected":false},"excerpt":{"rendered":"<p>ACTA DE INSCRIPCION En la ciudad de General Roca, provincia de R\u00edo Negro, a los 26 d\u00edas del mes de mayo de 2021, siendo las 10:30 horas, se deja constancia que se han recibido en el correo electr\u00f3nico del Departamento Docente, de la Facultad de Derecho y Ciencias Sociales determinado al efecto, las siguientes inscripciones [&hellip;]<\/p>\n","protected":false},"author":2,"featured_media":0,"comment_status":"open","ping_status":"open","sticky":false,"template":"","format":"standard","meta":{"footnotes":""},"categories":[3],"tags":[],"class_list":["post-2370","post","type-post","status-publish","format-standard","hentry","category-concursos"],"_links":{"self":[{"href":"https:\/\/fadeweb.uncoma.edu.ar\/index.php\/wp-json\/wp\/v2\/posts\/2370","targetHints":{"allow":["GET"]}}],"collection":[{"href":"https:\/\/fadeweb.uncoma.edu.ar\/index.php\/wp-json\/wp\/v2\/posts"}],"about":[{"href":"https:\/\/fadeweb.uncoma.edu.ar\/index.php\/wp-json\/wp\/v2\/types\/post"}],"author":[{"embeddable":true,"href":"https:\/\/fadeweb.uncoma.edu.ar\/index.php\/wp-json\/wp\/v2\/users\/2"}],"replies":[{"embeddable":true,"href":"https:\/\/fadeweb.uncoma.edu.ar\/index.php\/wp-json\/wp\/v2\/comments?post=2370"}],"version-history":[{"count":1,"href":"https:\/\/fadeweb.uncoma.edu.ar\/index.php\/wp-json\/wp\/v2\/posts\/2370\/revisions"}],"predecessor-version":[{"id":7116,"href":"https:\/\/fadeweb.uncoma.edu.ar\/index.php\/wp-json\/wp\/v2\/posts\/2370\/revisions\/7116"}],"wp:attachment":[{"href":"https:\/\/fadeweb.uncoma.edu.ar\/index.php\/wp-json\/wp\/v2\/media?parent=2370"}],"wp:term":[{"taxonomy":"category","embeddable":true,"href":"https:\/\/fadeweb.uncoma.edu.ar\/index.php\/wp-json\/wp\/v2\/categories?post=2370"},{"taxonomy":"post_tag","embeddable":true,"href":"https:\/\/fadeweb.uncoma.edu.ar\/index.php\/wp-json\/wp\/v2\/tags?post=2370"}],"curies":[{"name":"wp","href":"https:\/\/api.w.org\/{rel}","templated":true}]}}