{"id":23699,"date":"2025-03-11T09:04:51","date_gmt":"2025-03-11T12:04:51","guid":{"rendered":"https:\/\/fadeweb.uncoma.edu.ar\/?p=23699"},"modified":"2025-03-11T09:04:51","modified_gmt":"2025-03-11T12:04:51","slug":"decanos-de-facultades-de-derecho-de-distintas-universidades-nacionales-rechazan-por-inconstitucional-designacion-en-comision-de-lijo-y-garcia-mansilla-en-la-corte-suprema","status":"publish","type":"post","link":"https:\/\/fadeweb.uncoma.edu.ar\/index.php\/2025\/03\/11\/decanos-de-facultades-de-derecho-de-distintas-universidades-nacionales-rechazan-por-inconstitucional-designacion-en-comision-de-lijo-y-garcia-mansilla-en-la-corte-suprema\/","title":{"rendered":"DECANOS DE FACULTADES DE DERECHO DE DISTINTAS UNIVERSIDADES NACIONALES RECHAZAN POR INCONSTITUCIONAL DESIGNACI\u00d3N EN COMISI\u00d3N DE LIJO Y GARC\u00cdA MANSILLA EN LA CORTE SUPREMA"},"content":{"rendered":"<p><img fetchpriority=\"high\" decoding=\"async\" class=\"alignnone size-full wp-image-22288\" src=\"https:\/\/fadeweb.uncoma.edu.ar\/wp-content\/uploads\/2024\/10\/cdddd.jpg\" alt=\"DECLARACI\u00d3N DEL CONSEJO PERMANENTE DE DECANAS Y DECANOS DE FACULTADES DE DERECHO DE UNIVERSIDADES NACIONALES\" width=\"800\" height=\"330\" srcset=\"https:\/\/fadeweb.uncoma.edu.ar\/wp-content\/uploads\/2024\/10\/cdddd.jpg 800w, https:\/\/fadeweb.uncoma.edu.ar\/wp-content\/uploads\/2024\/10\/cdddd-300x124.jpg 300w, https:\/\/fadeweb.uncoma.edu.ar\/wp-content\/uploads\/2024\/10\/cdddd-768x317.jpg 768w\" sizes=\"(max-width: 800px) 100vw, 800px\" \/><\/p>\n<p>El Consejo de Decanas y Decanos de Facultades de Derecho de Universidades Nacionales, repudia la designaci\u00f3n efectuada por el Poder Ejecutivo a trav\u00e9s del Decreto 137\/2025 de Ariel Lijo y Manuel Garc\u00eda-Mansilla como Jueces para la Corte Suprema de Justicia de la Naci\u00f3n, todo ello sin el acuerdo del Senado y por medio de nombramientos en comisi\u00f3n.<\/p>\n<p>Dicho accionar, abiertamente inconstitucional, constituye un avance indebido del Poder Ejecutivo sobre el Poder Legislativo, debilita la independencia judicial, expone a los magistrados a presiones pol\u00edticas y compromete la legitimidad y calidad institucional del m\u00e1ximo tribunal y de todo el Poder Judicial.<\/p>\n<p>La designaci\u00f3n de magistrados en comisi\u00f3n es una herramienta excepcional, que busca evitar afectaciones graves al funcionamiento del sistema de justicia en supuestos en que el Senado no estuviere sesionando y bajo ninguna circunstancia puede utilizarse para sortear la falta de consensos democr\u00e1ticos.<\/p>\n<p>A la vez, reiteramos el deber constitucional y convencional y la necesidad de que se designen mujeres en el m\u00e1ximo tribunal, para garantizar una justicia verdaderamente representativa de todas las miradas y realidades y con perspectiva de g\u00e9nero.<\/p>\n<p>Por las razones expuestas, manifestamos p\u00fablicamente nuestro compromiso con el Estado Constitucional de Derecho y el Sistema Democr\u00e1tico y Republicano de gobierno, rechazando cualquier pretensi\u00f3n de su avasallamiento expreso o impl\u00edcito.<\/p>\n","protected":false},"excerpt":{"rendered":"<p>El Consejo de Decanas y Decanos de Facultades de Derecho de Universidades Nacionales, repudia la designaci\u00f3n efectuada por el Poder Ejecutivo a trav\u00e9s del Decreto 137\/2025 de Ariel Lijo y Manuel Garc\u00eda-Mansilla como Jueces para la Corte Suprema de Justicia de la Naci\u00f3n, todo ello sin el acuerdo del Senado y por medio de nombramientos [&hellip;]<\/p>\n","protected":false},"author":4,"featured_media":22288,"comment_status":"closed","ping_status":"closed","sticky":false,"template":"","format":"standard","meta":{"footnotes":""},"categories":[5],"tags":[],"class_list":["post-23699","post","type-post","status-publish","format-standard","has-post-thumbnail","hentry","category-notifadecs"],"_links":{"self":[{"href":"https:\/\/fadeweb.uncoma.edu.ar\/index.php\/wp-json\/wp\/v2\/posts\/23699","targetHints":{"allow":["GET"]}}],"collection":[{"href":"https:\/\/fadeweb.uncoma.edu.ar\/index.php\/wp-json\/wp\/v2\/posts"}],"about":[{"href":"https:\/\/fadeweb.uncoma.edu.ar\/index.php\/wp-json\/wp\/v2\/types\/post"}],"author":[{"embeddable":true,"href":"https:\/\/fadeweb.uncoma.edu.ar\/index.php\/wp-json\/wp\/v2\/users\/4"}],"replies":[{"embeddable":true,"href":"https:\/\/fadeweb.uncoma.edu.ar\/index.php\/wp-json\/wp\/v2\/comments?post=23699"}],"version-history":[{"count":1,"href":"https:\/\/fadeweb.uncoma.edu.ar\/index.php\/wp-json\/wp\/v2\/posts\/23699\/revisions"}],"predecessor-version":[{"id":23700,"href":"https:\/\/fadeweb.uncoma.edu.ar\/index.php\/wp-json\/wp\/v2\/posts\/23699\/revisions\/23700"}],"wp:featuredmedia":[{"embeddable":true,"href":"https:\/\/fadeweb.uncoma.edu.ar\/index.php\/wp-json\/wp\/v2\/media\/22288"}],"wp:attachment":[{"href":"https:\/\/fadeweb.uncoma.edu.ar\/index.php\/wp-json\/wp\/v2\/media?parent=23699"}],"wp:term":[{"taxonomy":"category","embeddable":true,"href":"https:\/\/fadeweb.uncoma.edu.ar\/index.php\/wp-json\/wp\/v2\/categories?post=23699"},{"taxonomy":"post_tag","embeddable":true,"href":"https:\/\/fadeweb.uncoma.edu.ar\/index.php\/wp-json\/wp\/v2\/tags?post=23699"}],"curies":[{"name":"wp","href":"https:\/\/api.w.org\/{rel}","templated":true}]}}