{"id":23680,"date":"2025-03-10T09:01:12","date_gmt":"2025-03-10T12:01:12","guid":{"rendered":"https:\/\/fadeweb.uncoma.edu.ar\/?p=23680"},"modified":"2025-03-10T09:01:12","modified_gmt":"2025-03-10T12:01:12","slug":"materiales-de-divulgacion-de-fadecs-y-fadel-conflictos-sociales-en-el-uso-del-suelo","status":"publish","type":"post","link":"https:\/\/fadeweb.uncoma.edu.ar\/index.php\/2025\/03\/10\/materiales-de-divulgacion-de-fadecs-y-fadel-conflictos-sociales-en-el-uso-del-suelo\/","title":{"rendered":"MATERIALES DE DIVULGACI\u00d3N DE FADECS Y FADEL: CONFLICTOS SOCIALES EN EL USO DEL SUELO&#8230;"},"content":{"rendered":"<div style=\"width: 800px;\" class=\"wp-video\"><video class=\"wp-video-shortcode\" id=\"video-23680-1\" width=\"800\" height=\"450\" preload=\"metadata\" controls=\"controls\"><source type=\"video\/mp4\" src=\"https:\/\/fadeweb.uncoma.edu.ar\/wp-content\/uploads\/2025\/03\/Video-Fadecs-PI-D127-Andrade-et-al.mp4?_=1\" \/><a href=\"https:\/\/fadeweb.uncoma.edu.ar\/wp-content\/uploads\/2025\/03\/Video-Fadecs-PI-D127-Andrade-et-al.mp4\">https:\/\/fadeweb.uncoma.edu.ar\/wp-content\/uploads\/2025\/03\/Video-Fadecs-PI-D127-Andrade-et-al.mp4<\/a><\/video><\/div>\n<p>Este nuevo material se enmarca en la propuesta \u00ab\u00bfQu\u00e9 aportamos desde la universidad?\u00bb, destinado a visibilizar nuestro trabajo de investigaci\u00f3n y extensi\u00f3n en FADECS-FADEL.<\/p>\n<p>CONFLICTOS SOCIALES EN EL USO DEL SUELO EN TERRITORIOS DE OASIS AGR\u00cdCOLAS EN LA REGI\u00d3N PATAGONIA NORTE\u201d<\/p>\n<p>Las principales tensiones en el uso del suelo en territorios de oasis agr\u00edcolas en la Patagonia norte est\u00e1n dadas por la fuerte incidencia de actividades no agropecuarias en las \u00e1reas tradicionalmente rurales: la explotaci\u00f3n de hidrocarburos y la ocupaci\u00f3n del suelo agr\u00edcola por urbanizaci\u00f3n vinculada a las demandas tur\u00edstico-recreativas y a las necesidades habitacionales. Consecuentemente, el territorio productivo se repliega y las amenazas de transformaciones en el uso del suelo, la p\u00e9rdida de calidad de suelo y de agua son crecientes. Se trata de un conflicto regional que se viene configurando en torno a pol\u00edticas nacionales y tendencias globales, con impacto directo en el territorio (pol\u00edtica energ\u00e9tica, productiva, macroecon\u00f3mica) y a una econom\u00eda regional b\u00e1sicamente frut\u00edcola, que tiende gradualmente a una mayor concentraci\u00f3n, a una profundizaci\u00f3n de la brecha tecnol\u00f3gica y a la expulsi\u00f3n de actores sociales del sistema.<br \/>\nEn esta propuesta, el foco central es estudiar los conflictos sociales en el uso del suelo en un contexto de acumulaci\u00f3n del capital en la regi\u00f3n, de transformaciones territoriales y de tensiones en el sector agrario, que tiene lugar en el \u00e1rea tradicional denominada Alto Valle de R\u00edo Negro y Neuqu\u00e9n ubicada en la Regi\u00f3n Patagonia Norte.<\/p>\n<p>Las producciones est\u00e1n alojadas en https:\/\/divulgacion.uncoma.edu.ar\/<\/p>\n","protected":false},"excerpt":{"rendered":"<p>Este nuevo material se enmarca en la propuesta \u00ab\u00bfQu\u00e9 aportamos desde la universidad?\u00bb, destinado a visibilizar nuestro trabajo de investigaci\u00f3n y extensi\u00f3n en FADECS-FADEL. CONFLICTOS SOCIALES EN EL USO DEL SUELO EN TERRITORIOS DE OASIS AGR\u00cdCOLAS EN LA REGI\u00d3N PATAGONIA NORTE\u201d Las principales tensiones en el uso del suelo en territorios de oasis agr\u00edcolas en [&hellip;]<\/p>\n","protected":false},"author":4,"featured_media":23682,"comment_status":"closed","ping_status":"closed","sticky":false,"template":"","format":"standard","meta":{"footnotes":""},"categories":[79,5,76],"tags":[],"class_list":["post-23680","post","type-post","status-publish","format-standard","has-post-thumbnail","hentry","category-extension","category-notifadecs","category-novedades-investigacion"],"_links":{"self":[{"href":"https:\/\/fadeweb.uncoma.edu.ar\/index.php\/wp-json\/wp\/v2\/posts\/23680","targetHints":{"allow":["GET"]}}],"collection":[{"href":"https:\/\/fadeweb.uncoma.edu.ar\/index.php\/wp-json\/wp\/v2\/posts"}],"about":[{"href":"https:\/\/fadeweb.uncoma.edu.ar\/index.php\/wp-json\/wp\/v2\/types\/post"}],"author":[{"embeddable":true,"href":"https:\/\/fadeweb.uncoma.edu.ar\/index.php\/wp-json\/wp\/v2\/users\/4"}],"replies":[{"embeddable":true,"href":"https:\/\/fadeweb.uncoma.edu.ar\/index.php\/wp-json\/wp\/v2\/comments?post=23680"}],"version-history":[{"count":1,"href":"https:\/\/fadeweb.uncoma.edu.ar\/index.php\/wp-json\/wp\/v2\/posts\/23680\/revisions"}],"predecessor-version":[{"id":23683,"href":"https:\/\/fadeweb.uncoma.edu.ar\/index.php\/wp-json\/wp\/v2\/posts\/23680\/revisions\/23683"}],"wp:featuredmedia":[{"embeddable":true,"href":"https:\/\/fadeweb.uncoma.edu.ar\/index.php\/wp-json\/wp\/v2\/media\/23682"}],"wp:attachment":[{"href":"https:\/\/fadeweb.uncoma.edu.ar\/index.php\/wp-json\/wp\/v2\/media?parent=23680"}],"wp:term":[{"taxonomy":"category","embeddable":true,"href":"https:\/\/fadeweb.uncoma.edu.ar\/index.php\/wp-json\/wp\/v2\/categories?post=23680"},{"taxonomy":"post_tag","embeddable":true,"href":"https:\/\/fadeweb.uncoma.edu.ar\/index.php\/wp-json\/wp\/v2\/tags?post=23680"}],"curies":[{"name":"wp","href":"https:\/\/api.w.org\/{rel}","templated":true}]}}