{"id":2364,"date":"2021-04-19T15:35:03","date_gmt":"2021-04-19T15:35:03","guid":{"rendered":"http:\/\/web.fadecs.uncoma.edu.ar\/?p=2364"},"modified":"2022-10-11T19:36:12","modified_gmt":"2022-10-11T22:36:12","slug":"acta-de-inscripcion-para-cubrir-cargos-interinos-y-suplentes","status":"publish","type":"post","link":"https:\/\/fadeweb.uncoma.edu.ar\/index.php\/2021\/04\/19\/acta-de-inscripcion-para-cubrir-cargos-interinos-y-suplentes\/","title":{"rendered":"ACTA DE INSCRIPCION PARA CUBRIR CARGOS INTERINOS Y SUPLENTES"},"content":{"rendered":"<p class=\"texto\">UNIVERSIDAD NACIONAL DEL COMAHUE<br \/>\nFacultad de Derecho y Ciencias Sociales<\/p>\n<p class=\"texto\">ACTA DE INSCRIPCION<br \/>\nEn la ciudad de General Roca, Provincia de R\u00edo Negro, a los 19 d\u00edas del mes de abril de 2021, siendo las 10:30 horas, se deja constancia que se han recibido en los correos electr\u00f3nicos de la Facultad de Derecho y Ciencias Sociales determinados al efecto, las siguientes inscripciones para cubrir cargos Docentes Interinos y Suplentes para los Departamentos de: Derecho Privado y Ciencia de la Informaci\u00f3n y Comunicaci\u00f3n Social, de esta Facultad de Derecho y Ciencias Sociales, resultando la siguiente n\u00f3mina:<\/p>\n<table border=\"0\" width=\"100%\" cellspacing=\"3\" cellpadding=\"0\">\n<tbody>\n<tr>\n<td valign=\"top\" width=\"110\">\n<p class=\"tabla1\" align=\"center\"><strong>Departamento<\/strong><\/p>\n<\/td>\n<td valign=\"top\" width=\"98\">\n<p class=\"tabla1\" align=\"center\"><strong>\u00c1rea<\/strong><\/p>\n<\/td>\n<td valign=\"top\" width=\"129\">\n<p class=\"tabla1\" align=\"center\"><strong>Orientaci\u00f3n<\/strong><\/p>\n<\/td>\n<td valign=\"top\" width=\"148\">\n<p class=\"tabla1\" align=\"center\"><strong>Asignaturas<\/strong><\/p>\n<\/td>\n<td valign=\"top\" width=\"106\">\n<p class=\"tabla1\" align=\"center\"><strong>Cargo<\/strong><\/p>\n<\/td>\n<td valign=\"top\" width=\"211\">\n<p class=\"tabla1\" align=\"center\"><strong>Inscriptos<\/strong><\/p>\n<\/td>\n<\/tr>\n<tr>\n<td class=\"tabla0\" valign=\"top\" width=\"110\">\n<p align=\"left\">DERECHO PRIVADO<\/p>\n<\/td>\n<td class=\"tabla0\" valign=\"top\" bgcolor=\"#D6D6D6\" width=\"98\">\n<p align=\"left\">Filosof\u00eda, Teor\u00eda y Metodolog\u00eda del Derechol<\/p>\n<\/td>\n<td class=\"tabla0\" valign=\"top\" width=\"129\">\n<p align=\"left\">Introducci\u00f3n<\/p>\n<\/td>\n<td class=\"tabla0\" align=\"left\" valign=\"top\" bgcolor=\"#D6D6D6\" width=\"148\">\n<p align=\"left\">Derecho (Servicio Social-m\u00f3d. Neuqu\u00e9n)<\/p>\n<\/td>\n<td class=\"tabla0\" valign=\"top\" width=\"106\">1 PAD-3 Interino<\/td>\n<td class=\"tabla0\" valign=\"top\" bgcolor=\"#D6D6D6\" width=\"211\">HORMAZABAL, Natalia Ester DNI 29.145.091<br \/>\nRIQUELME, Natalia Michelle DNI 36.800.964<br \/>\nRUIZ, Paula Daniela DNI 24.211.8877<br \/>\nRUIZ, Vanesa DNI 28.617.463<br \/>\nSANCHEZ, Estrella Miriam DNI 12.032.984<\/td>\n<\/tr>\n<tr>\n<td class=\"tabla0\" valign=\"top\" width=\"110\">\n<p align=\"left\">CIENCIA DE LA INFORMACION Y COMUNICACI\u00d3N SOCIAL<\/p>\n<\/td>\n<td class=\"tabla0\" valign=\"top\" bgcolor=\"#D6D6D6\" width=\"98\">\n<p align=\"left\">De Inform\u00e1tica para Comunicaci\u00f3n<\/p>\n<\/td>\n<td class=\"tabla0\" valign=\"top\" width=\"129\">\n<p align=\"left\">Inform\u00e1tica<\/p>\n<\/td>\n<td class=\"tabla0\" align=\"left\" valign=\"top\" bgcolor=\"#D6D6D6\" width=\"148\">\n<p align=\"left\">Inform\u00e1tica para Medios de Comunicaci\u00f3n<\/p>\n<\/td>\n<td class=\"tabla0\" valign=\"top\" width=\"106\">1 PAD -3 Suplente<\/td>\n<td class=\"tabla0\" valign=\"top\" bgcolor=\"#D6D6D6\" width=\"211\">CARPITELLA, Francisco Natalio DNI 17.691.258<br \/>\nGAUTHIER, Pablo Augusto DNI 33.476.713<br \/>\nSANCHEZ, Hugo Mario DNI 20.121.345<br \/>\nSANDOVAL, Eliana Lorena DNI 25.948.316<\/td>\n<\/tr>\n<\/tbody>\n<\/table>\n<p><span class=\"texto\"><br \/>\n<a href=\"https:\/\/fadeweb.uncoma.edu.ar\/wp-content\/uploads\/2021\/04\/2o-Acta-de-Inscripciones-2021.pdf\">DESCARGAR ACTA<\/a><\/span><\/p>\n","protected":false},"excerpt":{"rendered":"<p>UNIVERSIDAD NACIONAL DEL COMAHUE Facultad de Derecho y Ciencias Sociales ACTA DE INSCRIPCION En la ciudad de General Roca, Provincia de R\u00edo Negro, a los 19 d\u00edas del mes de abril de 2021, siendo las 10:30 horas, se deja constancia que se han recibido en los correos electr\u00f3nicos de la Facultad de Derecho y Ciencias [&hellip;]<\/p>\n","protected":false},"author":2,"featured_media":0,"comment_status":"open","ping_status":"open","sticky":false,"template":"","format":"standard","meta":{"footnotes":""},"categories":[3],"tags":[],"class_list":["post-2364","post","type-post","status-publish","format-standard","hentry","category-concursos"],"_links":{"self":[{"href":"https:\/\/fadeweb.uncoma.edu.ar\/index.php\/wp-json\/wp\/v2\/posts\/2364","targetHints":{"allow":["GET"]}}],"collection":[{"href":"https:\/\/fadeweb.uncoma.edu.ar\/index.php\/wp-json\/wp\/v2\/posts"}],"about":[{"href":"https:\/\/fadeweb.uncoma.edu.ar\/index.php\/wp-json\/wp\/v2\/types\/post"}],"author":[{"embeddable":true,"href":"https:\/\/fadeweb.uncoma.edu.ar\/index.php\/wp-json\/wp\/v2\/users\/2"}],"replies":[{"embeddable":true,"href":"https:\/\/fadeweb.uncoma.edu.ar\/index.php\/wp-json\/wp\/v2\/comments?post=2364"}],"version-history":[{"count":1,"href":"https:\/\/fadeweb.uncoma.edu.ar\/index.php\/wp-json\/wp\/v2\/posts\/2364\/revisions"}],"predecessor-version":[{"id":7121,"href":"https:\/\/fadeweb.uncoma.edu.ar\/index.php\/wp-json\/wp\/v2\/posts\/2364\/revisions\/7121"}],"wp:attachment":[{"href":"https:\/\/fadeweb.uncoma.edu.ar\/index.php\/wp-json\/wp\/v2\/media?parent=2364"}],"wp:term":[{"taxonomy":"category","embeddable":true,"href":"https:\/\/fadeweb.uncoma.edu.ar\/index.php\/wp-json\/wp\/v2\/categories?post=2364"},{"taxonomy":"post_tag","embeddable":true,"href":"https:\/\/fadeweb.uncoma.edu.ar\/index.php\/wp-json\/wp\/v2\/tags?post=2364"}],"curies":[{"name":"wp","href":"https:\/\/api.w.org\/{rel}","templated":true}]}}