{"id":22952,"date":"2024-12-18T08:53:24","date_gmt":"2024-12-18T11:53:24","guid":{"rendered":"https:\/\/fadeweb.uncoma.edu.ar\/?p=22952"},"modified":"2024-12-18T08:53:24","modified_gmt":"2024-12-18T11:53:24","slug":"la-fadecs-unco-y-la-pontificia-universidad-catolica-del-peru-fortalecen-lazos-academicos-a-traves-de-la-firma-de-un-acuerdo-de-cooperacion-academica","status":"publish","type":"post","link":"https:\/\/fadeweb.uncoma.edu.ar\/index.php\/2024\/12\/18\/la-fadecs-unco-y-la-pontificia-universidad-catolica-del-peru-fortalecen-lazos-academicos-a-traves-de-la-firma-de-un-acuerdo-de-cooperacion-academica\/","title":{"rendered":"LA FADECS-UNCO Y LA PONTIFICIA UNIVERSIDAD CAT\u00d3LICA DEL PER\u00da FORTALECEN LAZOS ACAD\u00c9MICOS A TRAV\u00c9S DE LA FIRMA DE UN ACUERDO DE COOPERACI\u00d3N ACAD\u00c9MICA"},"content":{"rendered":"<p><img fetchpriority=\"high\" decoding=\"async\" class=\"alignnone wp-image-22953\" src=\"https:\/\/fadeweb.uncoma.edu.ar\/wp-content\/uploads\/2024\/12\/LA-FADECS-UNCO-Y-LA-PONTIFICIA-UNIVERSIDAD-CATOLICA-DEL-PERU-FORTALECEN-LAZOS-ACADEMICOS-A-TRAVES-DE-LA-FIRMA-DE-UN-ACUERDO-DE-COOPERACION-ACADEMICA-1024x573.jpeg\" alt=\"\" width=\"600\" height=\"336\" srcset=\"https:\/\/fadeweb.uncoma.edu.ar\/wp-content\/uploads\/2024\/12\/LA-FADECS-UNCO-Y-LA-PONTIFICIA-UNIVERSIDAD-CATOLICA-DEL-PERU-FORTALECEN-LAZOS-ACADEMICOS-A-TRAVES-DE-LA-FIRMA-DE-UN-ACUERDO-DE-COOPERACION-ACADEMICA-1024x573.jpeg 1024w, https:\/\/fadeweb.uncoma.edu.ar\/wp-content\/uploads\/2024\/12\/LA-FADECS-UNCO-Y-LA-PONTIFICIA-UNIVERSIDAD-CATOLICA-DEL-PERU-FORTALECEN-LAZOS-ACADEMICOS-A-TRAVES-DE-LA-FIRMA-DE-UN-ACUERDO-DE-COOPERACION-ACADEMICA-300x168.jpeg 300w, https:\/\/fadeweb.uncoma.edu.ar\/wp-content\/uploads\/2024\/12\/LA-FADECS-UNCO-Y-LA-PONTIFICIA-UNIVERSIDAD-CATOLICA-DEL-PERU-FORTALECEN-LAZOS-ACADEMICOS-A-TRAVES-DE-LA-FIRMA-DE-UN-ACUERDO-DE-COOPERACION-ACADEMICA-768x430.jpeg 768w, https:\/\/fadeweb.uncoma.edu.ar\/wp-content\/uploads\/2024\/12\/LA-FADECS-UNCO-Y-LA-PONTIFICIA-UNIVERSIDAD-CATOLICA-DEL-PERU-FORTALECEN-LAZOS-ACADEMICOS-A-TRAVES-DE-LA-FIRMA-DE-UN-ACUERDO-DE-COOPERACION-ACADEMICA.jpeg 1062w\" sizes=\"(max-width: 600px) 100vw, 600px\" \/><\/p>\n<p>Este martes 17 de diciembre de 2024, la Facultad de Derecho y Ciencias Sociales de la Universidad Nacional del Comahue (FADECS-UNCo) y la Especialidad de Trabajo Social de la Facultad de Letras y Ciencias Humanas de la Pontificia Universidad Cat\u00f3lica del Per\u00fa (PUCP) firmaron un Acuerdo de Cooperaci\u00f3n Acad\u00e9mica que abre oportunidades de intercambio y colaboraci\u00f3n acad\u00e9mica entre ambas instituciones.<\/p>\n<p>El convenio fue suscrito por los Decanos Mg. Juan Carlos Fern\u00e1ndez (FADECS-UNCo) y Dr. Francisco Hern\u00e1ndez Astete (PUCP), en un acto que cont\u00f3 con la participaci\u00f3n de destacadas autoridades. Por parte de la PUCP, estuvieron presentes la Directora de la Carrera, Dra. Hayd\u00e9e Alor Luna, la Coordinadora de la L\u00ednea de Trabajo Social Forense, Magally Garc\u00eda, y la docente de la Carrera, Adriana Arriola. Representando a la FADECS-UNCo, participaron el Director de Posgrado, Mg. Cristian Sebasti\u00e1n G\u00f3mez, y el Director de la Carrera de Especializaci\u00f3n en Trabajo Social Forense, Dr. Andr\u00e9s Ponce de Le\u00f3n.<\/p>\n<p>Este acuerdo tiene como objetivo principal promover el intercambio sistem\u00e1tico de conocimientos y experiencias, especialmente en \u00e1reas relacionadas con el Trabajo Social Forense. A trav\u00e9s de actividades de capacitaci\u00f3n, transferencia de conocimientos y programas de especializaci\u00f3n profesional, se busca enriquecer la formaci\u00f3n acad\u00e9mica de ambas instituciones.<\/p>\n<p>El Decano Juan Carlos Fern\u00e1ndez destac\u00f3 que este convenio representa un avance significativo en la proyecci\u00f3n internacional de la FADECS, confiando en que marcar\u00e1 el comienzo de una relaci\u00f3n fruct\u00edfera que beneficiar\u00e1 tanto a las instituciones firmantes como a las comunidades a las que estas sirven.<\/p>\n<p>Ambos Decanos subrayaron el esfuerzo conjunto de los equipos acad\u00e9micos que hicieron posible esta iniciativa, resaltando el rol fundamental de las universidades en la construcci\u00f3n de una sociedad m\u00e1s justa, equitativa y solidaria.<\/p>\n","protected":false},"excerpt":{"rendered":"<p>Este martes 17 de diciembre de 2024, la Facultad de Derecho y Ciencias Sociales de la Universidad Nacional del Comahue (FADECS-UNCo) y la Especialidad de Trabajo Social de la Facultad de Letras y Ciencias Humanas de la Pontificia Universidad Cat\u00f3lica del Per\u00fa (PUCP) firmaron un Acuerdo de Cooperaci\u00f3n Acad\u00e9mica que abre oportunidades de intercambio y [&hellip;]<\/p>\n","protected":false},"author":4,"featured_media":22953,"comment_status":"closed","ping_status":"closed","sticky":false,"template":"","format":"standard","meta":{"footnotes":""},"categories":[5,78],"tags":[],"class_list":["post-22952","post","type-post","status-publish","format-standard","has-post-thumbnail","hentry","category-notifadecs","category-posgrado"],"_links":{"self":[{"href":"https:\/\/fadeweb.uncoma.edu.ar\/index.php\/wp-json\/wp\/v2\/posts\/22952","targetHints":{"allow":["GET"]}}],"collection":[{"href":"https:\/\/fadeweb.uncoma.edu.ar\/index.php\/wp-json\/wp\/v2\/posts"}],"about":[{"href":"https:\/\/fadeweb.uncoma.edu.ar\/index.php\/wp-json\/wp\/v2\/types\/post"}],"author":[{"embeddable":true,"href":"https:\/\/fadeweb.uncoma.edu.ar\/index.php\/wp-json\/wp\/v2\/users\/4"}],"replies":[{"embeddable":true,"href":"https:\/\/fadeweb.uncoma.edu.ar\/index.php\/wp-json\/wp\/v2\/comments?post=22952"}],"version-history":[{"count":1,"href":"https:\/\/fadeweb.uncoma.edu.ar\/index.php\/wp-json\/wp\/v2\/posts\/22952\/revisions"}],"predecessor-version":[{"id":22954,"href":"https:\/\/fadeweb.uncoma.edu.ar\/index.php\/wp-json\/wp\/v2\/posts\/22952\/revisions\/22954"}],"wp:featuredmedia":[{"embeddable":true,"href":"https:\/\/fadeweb.uncoma.edu.ar\/index.php\/wp-json\/wp\/v2\/media\/22953"}],"wp:attachment":[{"href":"https:\/\/fadeweb.uncoma.edu.ar\/index.php\/wp-json\/wp\/v2\/media?parent=22952"}],"wp:term":[{"taxonomy":"category","embeddable":true,"href":"https:\/\/fadeweb.uncoma.edu.ar\/index.php\/wp-json\/wp\/v2\/categories?post=22952"},{"taxonomy":"post_tag","embeddable":true,"href":"https:\/\/fadeweb.uncoma.edu.ar\/index.php\/wp-json\/wp\/v2\/tags?post=22952"}],"curies":[{"name":"wp","href":"https:\/\/api.w.org\/{rel}","templated":true}]}}