{"id":22929,"date":"2024-12-16T14:04:36","date_gmt":"2024-12-16T17:04:36","guid":{"rendered":"https:\/\/fadeweb.uncoma.edu.ar\/?p=22929"},"modified":"2024-12-17T11:59:55","modified_gmt":"2024-12-17T14:59:55","slug":"cierre-de-la-diplomatura-nacional-proyecto-la-ciudad-de-las-ninas-y-los-ninos-2024","status":"publish","type":"post","link":"https:\/\/fadeweb.uncoma.edu.ar\/index.php\/2024\/12\/16\/cierre-de-la-diplomatura-nacional-proyecto-la-ciudad-de-las-ninas-y-los-ninos-2024\/","title":{"rendered":"CIERRE DE LA DIPLOMATURA NACIONAL PROYECTO LA CIUDAD DE LAS NI\u00d1AS Y LOS NI\u00d1OS 2024"},"content":{"rendered":"<p><img fetchpriority=\"high\" decoding=\"async\" class=\"alignnone wp-image-22930\" src=\"https:\/\/fadeweb.uncoma.edu.ar\/wp-content\/uploads\/2024\/12\/Captura-de-pantalla-2024-12-14-105038-1024x469.png\" alt=\"CIERRE DE LA DIPLOMATURA NACIONAL PROYECTO LA CIUDAD DE LAS NI\u00d1AS Y LOS NI\u00d1OS 2024\" width=\"500\" height=\"229\" srcset=\"https:\/\/fadeweb.uncoma.edu.ar\/wp-content\/uploads\/2024\/12\/Captura-de-pantalla-2024-12-14-105038-1024x469.png 1024w, https:\/\/fadeweb.uncoma.edu.ar\/wp-content\/uploads\/2024\/12\/Captura-de-pantalla-2024-12-14-105038-300x137.png 300w, https:\/\/fadeweb.uncoma.edu.ar\/wp-content\/uploads\/2024\/12\/Captura-de-pantalla-2024-12-14-105038-768x351.png 768w, https:\/\/fadeweb.uncoma.edu.ar\/wp-content\/uploads\/2024\/12\/Captura-de-pantalla-2024-12-14-105038-1536x703.png 1536w, https:\/\/fadeweb.uncoma.edu.ar\/wp-content\/uploads\/2024\/12\/Captura-de-pantalla-2024-12-14-105038.png 1914w\" sizes=\"(max-width: 500px) 100vw, 500px\" \/> <img decoding=\"async\" class=\"alignnone wp-image-22942\" src=\"https:\/\/fadeweb.uncoma.edu.ar\/wp-content\/uploads\/2024\/12\/tonucci1-1024x452.jpg\" alt=\"\" width=\"518\" height=\"229\" srcset=\"https:\/\/fadeweb.uncoma.edu.ar\/wp-content\/uploads\/2024\/12\/tonucci1-1024x452.jpg 1024w, https:\/\/fadeweb.uncoma.edu.ar\/wp-content\/uploads\/2024\/12\/tonucci1-300x133.jpg 300w, https:\/\/fadeweb.uncoma.edu.ar\/wp-content\/uploads\/2024\/12\/tonucci1-768x339.jpg 768w, https:\/\/fadeweb.uncoma.edu.ar\/wp-content\/uploads\/2024\/12\/tonucci1.jpg 1080w\" sizes=\"(max-width: 518px) 100vw, 518px\" \/><\/p>\n<p>Con la entrega de 53 diplomas, se llev\u00f3 a cabo la Jornada de Cierre de la Tercera Edici\u00f3n a nivel nacional de la Diplomatura, realizada el s\u00e1bado 14 de diciembre de 2024, con la presencia del decano de la FADECS Juan Carlos Fern\u00e1ndez y la secretaria de Extensi\u00f3n Sofia Szechenyi. Por la Asociaci\u00f3n que preside Francesco Tonucci, el psicopedagogo estuvo acompa\u00f1ado por la licenciada Lorena Morachimo (vicepresidenta), la especialista Paula Querido (directora) y todo el equipo de trabajo de la Asociaci\u00f3n, y la Defensora de los Derechos de Ni\u00f1as, Ni\u00f1os y Adolescentes de la Naci\u00f3n Marisa Graham.<\/p>\n<p>Esta nueva edici\u00f3n de la Diplomatura \u00abLa Ciudad de las Ni\u00f1as y los Ni\u00f1os\u00bb, fue organizada por la Secretar\u00eda de Extensi\u00f3n de la Facultad de Derecho y Ciencias Sociales de la UNCo y la Asociaci\u00f3n de Francesco Tonucci, en colaboraci\u00f3n con la Defensor\u00eda Nacional de los Derechos de las Ni\u00f1as, Ni\u00f1os y Adolescentes de Argentina. A la misma se sumaron entidades de R\u00edo Negro y Neuqu\u00e9n, Argentina e Iberoam\u00e9rica, reforzando el esfuerzo conjunto y el compromiso con los derechos de las ni\u00f1as, ni\u00f1os y adolescentes.<\/p>\n<p>El convenio entre la Defensor\u00eda Nacional y la UNCo, dispuso que el proceso formativo estuviera a cargo del equipo pedag\u00f3gico de la Asociaci\u00f3n Francesco Tonucci. La convocatoria reuni\u00f3 a m\u00e1s de 60 referentes territoriales de ciudades, entidades y organizaciones de todo el pa\u00eds, a trav\u00e9s de la cual se profundiz\u00f3 la \u201cfilosof\u00eda tonucciana\u201d. La construcci\u00f3n colectiva de herramientas para dise\u00f1ar e implementar acciones y pol\u00edticas p\u00fablicas, trabaj\u00f3 sobre ejes como el juego, la participaci\u00f3n, la autonom\u00eda, y sobre conceptos como el de la oreja verde o de la piedra en el zapato, con una aptitud transformadora muy importante.<\/p>\n<p>Fuerte impacto del proyecto en la FADECS<\/p>\n<p>\u00abEs un encuentro de una densidad institucional y acad\u00e9mica profunda, en esta nueva edici\u00f3n se ahondaron las visiones alternativas que muchas personas est\u00e1n trabajando desde sus lugares, y est\u00e1n contribuyendo a un nuevo modo de ver el mundo. Al inicio de la diplomatura indicamos que la calidad acad\u00e9mica del grupo liderado por Francesco Tonucci est\u00e1 fuera de discusi\u00f3n por las universidades e instituciones que lo avalan, como en esta oportunidad el equipo de La DEFE y la participaci\u00f3n de la se\u00f1ora Defensora, Marisa Graham\u00bb, dijo el decano de FADECS.<\/p>\n<p>Tampoco hay duda del gran impacto territorial que en much\u00edsimas latitudes est\u00e1 teniendo esta perspectiva acad\u00e9mica, filos\u00f3fica, te\u00f3rica, metodol\u00f3gica. Es diferencial, no todas las grandes ideas tienen la posibilidad de ser aplicadas y encarnadas en el tiempo en el que sus referentes est\u00e1n transitando por este plan. Es muy importante rescatar esta efectiva transformaci\u00f3n social y territorial que ha tenido en relativamente muy poco tiempo esta perspectiva. Y que es tambi\u00e9n jur\u00eddica porque Tonucci tambi\u00e9n nos ha aportado dos o tres visiones muy interesantes de la convenci\u00f3n del derecho y de las infancias. Cualquier abogado o abogada presente, que est\u00e9 trabajando en la materia o que ha sido influido por estas perspectivas, puede y deber\u00eda empezar a aplicar en lo inmediato.<\/p>\n<p>En la apertura de la jornada se afirm\u00f3 que nuestra casa de estudios es testigo importante, en la medida en que fue impactada en forma relevante por la transformaci\u00f3n socioterritorial que ha tenido la visi\u00f3n filos\u00f3fica y el proyecto acad\u00e9mico de la Asociaci\u00f3n. Se vivi\u00f3 desde lugares distintos, por caso a partir del v\u00ednculo con los intendentes y las intendentas de R\u00edo Negro y Neuqu\u00e9n, con requerimientos desde esos sectores para con personas que integran la red liderada por Tonucci o vinculadas a la red, para realizar reediciones de organizaci\u00f3n barrial, territorial, entre otros.<\/p>\n<p>\u00abDesde nuestro lugar de decano, dijo Fern\u00e1ndez, por las propuestas de trabajo, de transformaci\u00f3n, tanto en el aspecto edilicio, como en el modo de dar clases, o del modo de estar los docentes, no docente y estudiantes en nuestra vida acad\u00e9mica diaria, que es hasta hoy de modo muy fuerte adultoc\u00e9ntrica. Espero que podamos seguir recorriendo juntos este camino en forma institucional y que podamos seguir proyectando en toda nuestra comunidad, que hoy ha llegado a un nivel latinoamericano. Y aunque no se alcanzara, ya hoy hay un logro muy importante, a partir del fuerte impacto que han tenido estos proyectos en la organizaci\u00f3n que me toca dirigir. A partir de los intendentes e intendentas de nuestra zona de influencia nos reclaman determinadas pr\u00e1cticas, vinculadas a esta visi\u00f3n no adultoc\u00e9ntrica\u00bb.<\/p>\n","protected":false},"excerpt":{"rendered":"<p>Con la entrega de 53 diplomas, se llev\u00f3 a cabo la Jornada de Cierre de la Tercera Edici\u00f3n a nivel nacional de la Diplomatura, realizada el s\u00e1bado 14 de diciembre de 2024, con la presencia del decano de la FADECS Juan Carlos Fern\u00e1ndez y la secretaria de Extensi\u00f3n Sofia Szechenyi. Por la Asociaci\u00f3n que preside [&hellip;]<\/p>\n","protected":false},"author":4,"featured_media":22942,"comment_status":"closed","ping_status":"closed","sticky":false,"template":"","format":"standard","meta":{"footnotes":""},"categories":[69,5],"tags":[],"class_list":["post-22929","post","type-post","status-publish","format-standard","has-post-thumbnail","hentry","category-la-ciudad-de-las-ninas-y-los-ninos","category-notifadecs"],"_links":{"self":[{"href":"https:\/\/fadeweb.uncoma.edu.ar\/index.php\/wp-json\/wp\/v2\/posts\/22929","targetHints":{"allow":["GET"]}}],"collection":[{"href":"https:\/\/fadeweb.uncoma.edu.ar\/index.php\/wp-json\/wp\/v2\/posts"}],"about":[{"href":"https:\/\/fadeweb.uncoma.edu.ar\/index.php\/wp-json\/wp\/v2\/types\/post"}],"author":[{"embeddable":true,"href":"https:\/\/fadeweb.uncoma.edu.ar\/index.php\/wp-json\/wp\/v2\/users\/4"}],"replies":[{"embeddable":true,"href":"https:\/\/fadeweb.uncoma.edu.ar\/index.php\/wp-json\/wp\/v2\/comments?post=22929"}],"version-history":[{"count":4,"href":"https:\/\/fadeweb.uncoma.edu.ar\/index.php\/wp-json\/wp\/v2\/posts\/22929\/revisions"}],"predecessor-version":[{"id":22943,"href":"https:\/\/fadeweb.uncoma.edu.ar\/index.php\/wp-json\/wp\/v2\/posts\/22929\/revisions\/22943"}],"wp:featuredmedia":[{"embeddable":true,"href":"https:\/\/fadeweb.uncoma.edu.ar\/index.php\/wp-json\/wp\/v2\/media\/22942"}],"wp:attachment":[{"href":"https:\/\/fadeweb.uncoma.edu.ar\/index.php\/wp-json\/wp\/v2\/media?parent=22929"}],"wp:term":[{"taxonomy":"category","embeddable":true,"href":"https:\/\/fadeweb.uncoma.edu.ar\/index.php\/wp-json\/wp\/v2\/categories?post=22929"},{"taxonomy":"post_tag","embeddable":true,"href":"https:\/\/fadeweb.uncoma.edu.ar\/index.php\/wp-json\/wp\/v2\/tags?post=22929"}],"curies":[{"name":"wp","href":"https:\/\/api.w.org\/{rel}","templated":true}]}}