{"id":22922,"date":"2024-12-16T10:39:48","date_gmt":"2024-12-16T13:39:48","guid":{"rendered":"https:\/\/fadeweb.uncoma.edu.ar\/?p=22922"},"modified":"2024-12-16T10:40:21","modified_gmt":"2024-12-16T13:40:21","slug":"22922","status":"publish","type":"post","link":"https:\/\/fadeweb.uncoma.edu.ar\/index.php\/2024\/12\/16\/22922\/","title":{"rendered":"ACTA DE INSCRIPCI\u00d3N DEL CONCURSO PARA \u00abPERSONAS JUR\u00cdDICAS\u00bb"},"content":{"rendered":"<p><img fetchpriority=\"high\" decoding=\"async\" class=\"alignnone wp-image-9255\" src=\"https:\/\/fadeweb.uncoma.edu.ar\/wp-content\/uploads\/2022\/10\/Concursos-FADECS-1.jpeg\" alt=\"ACTA DE INSCRIPCI\u00d3N DEL CONCURSO PARA &quot;PERSONAS JUR\u00cdDICAS&quot; \" width=\"600\" height=\"600\" srcset=\"https:\/\/fadeweb.uncoma.edu.ar\/wp-content\/uploads\/2022\/10\/Concursos-FADECS-1.jpeg 800w, https:\/\/fadeweb.uncoma.edu.ar\/wp-content\/uploads\/2022\/10\/Concursos-FADECS-1-300x300.jpeg 300w, https:\/\/fadeweb.uncoma.edu.ar\/wp-content\/uploads\/2022\/10\/Concursos-FADECS-1-150x150.jpeg 150w, https:\/\/fadeweb.uncoma.edu.ar\/wp-content\/uploads\/2022\/10\/Concursos-FADECS-1-768x768.jpeg 768w\" sizes=\"(max-width: 600px) 100vw, 600px\" \/><\/p>\n<p><span style=\"font-weight: 400;\">Acta de Inscripci\u00f3n correspondiente al concurso convocado por Resoluci\u00f3n N\u00b0 0296\/2024-CD-FDCS, para cubrir un (1) cargo de Profesor\/a Adjunto\/a Suplente con dedicaci\u00f3n Simple, para desempe\u00f1arse en la asignatura: \u00abPersonas Jur\u00eddicas\u00bb, \u00c1rea: Derecho Privado, Orientaci\u00f3n: Personas Jur\u00eddicas, perteneciente al Departamento de Derecho Privado de esta Facultad de Derecho y Ciencias Sociales.<\/span><\/p>\n<p><a href=\"https:\/\/fadeweb.uncoma.edu.ar\/wp-content\/uploads\/2024\/12\/Acta-de-Inscripcion_-Res-0296_2024-CD.pdf\">Acta de Inscripci\u00f3n_ Res 0296_2024-CD<\/a><\/p>\n","protected":false},"excerpt":{"rendered":"<p>Acta de Inscripci\u00f3n correspondiente al concurso convocado por Resoluci\u00f3n N\u00b0 0296\/2024-CD-FDCS, para cubrir un (1) cargo de Profesor\/a Adjunto\/a Suplente con dedicaci\u00f3n Simple, para desempe\u00f1arse en la asignatura: \u00abPersonas Jur\u00eddicas\u00bb, \u00c1rea: Derecho Privado, Orientaci\u00f3n: Personas Jur\u00eddicas, perteneciente al Departamento de Derecho Privado de esta Facultad de Derecho y Ciencias Sociales. Acta de Inscripci\u00f3n_ Res 0296_2024-CD<\/p>\n","protected":false},"author":4,"featured_media":9255,"comment_status":"closed","ping_status":"closed","sticky":false,"template":"","format":"standard","meta":{"footnotes":""},"categories":[3,5],"tags":[],"class_list":["post-22922","post","type-post","status-publish","format-standard","has-post-thumbnail","hentry","category-concursos","category-notifadecs"],"_links":{"self":[{"href":"https:\/\/fadeweb.uncoma.edu.ar\/index.php\/wp-json\/wp\/v2\/posts\/22922","targetHints":{"allow":["GET"]}}],"collection":[{"href":"https:\/\/fadeweb.uncoma.edu.ar\/index.php\/wp-json\/wp\/v2\/posts"}],"about":[{"href":"https:\/\/fadeweb.uncoma.edu.ar\/index.php\/wp-json\/wp\/v2\/types\/post"}],"author":[{"embeddable":true,"href":"https:\/\/fadeweb.uncoma.edu.ar\/index.php\/wp-json\/wp\/v2\/users\/4"}],"replies":[{"embeddable":true,"href":"https:\/\/fadeweb.uncoma.edu.ar\/index.php\/wp-json\/wp\/v2\/comments?post=22922"}],"version-history":[{"count":2,"href":"https:\/\/fadeweb.uncoma.edu.ar\/index.php\/wp-json\/wp\/v2\/posts\/22922\/revisions"}],"predecessor-version":[{"id":22925,"href":"https:\/\/fadeweb.uncoma.edu.ar\/index.php\/wp-json\/wp\/v2\/posts\/22922\/revisions\/22925"}],"wp:featuredmedia":[{"embeddable":true,"href":"https:\/\/fadeweb.uncoma.edu.ar\/index.php\/wp-json\/wp\/v2\/media\/9255"}],"wp:attachment":[{"href":"https:\/\/fadeweb.uncoma.edu.ar\/index.php\/wp-json\/wp\/v2\/media?parent=22922"}],"wp:term":[{"taxonomy":"category","embeddable":true,"href":"https:\/\/fadeweb.uncoma.edu.ar\/index.php\/wp-json\/wp\/v2\/categories?post=22922"},{"taxonomy":"post_tag","embeddable":true,"href":"https:\/\/fadeweb.uncoma.edu.ar\/index.php\/wp-json\/wp\/v2\/tags?post=22922"}],"curies":[{"name":"wp","href":"https:\/\/api.w.org\/{rel}","templated":true}]}}