{"id":22894,"date":"2024-12-12T11:00:34","date_gmt":"2024-12-12T14:00:34","guid":{"rendered":"https:\/\/fadeweb.uncoma.edu.ar\/?p=22894"},"modified":"2024-12-12T13:10:27","modified_gmt":"2024-12-12T16:10:27","slug":"adepa-distinguio-a-periodista-del-diario-rio-negro-egresado-de-fadecs","status":"publish","type":"post","link":"https:\/\/fadeweb.uncoma.edu.ar\/index.php\/2024\/12\/12\/adepa-distinguio-a-periodista-del-diario-rio-negro-egresado-de-fadecs\/","title":{"rendered":"ADEPA DISTINGUI\u00d3 A PERIODISTA DEL DIARIO R\u00cdO NEGRO, EGRESADO DE FADECS"},"content":{"rendered":"<p><img fetchpriority=\"high\" decoding=\"async\" class=\"wp-image-22895 alignleft\" src=\"https:\/\/fadeweb.uncoma.edu.ar\/wp-content\/uploads\/2024\/12\/quilodran-819x1024.jpg\" alt=\"ADEPA DISTINGUI\u00d3 A PERIODISTA DEL DIARIO R\u00cdO NEGRO, EGRESADO DE FADECS\" width=\"480\" height=\"600\" srcset=\"https:\/\/fadeweb.uncoma.edu.ar\/wp-content\/uploads\/2024\/12\/quilodran-819x1024.jpg 819w, https:\/\/fadeweb.uncoma.edu.ar\/wp-content\/uploads\/2024\/12\/quilodran-240x300.jpg 240w, https:\/\/fadeweb.uncoma.edu.ar\/wp-content\/uploads\/2024\/12\/quilodran-768x960.jpg 768w, https:\/\/fadeweb.uncoma.edu.ar\/wp-content\/uploads\/2024\/12\/quilodran.jpg 1080w\" sizes=\"(max-width: 480px) 100vw, 480px\" \/><\/p>\n<p>En un acto donde se entregaron los Premios Adepa (Asociaci\u00f3n de Entidades Period\u00edsticas Argentinas) al Periodismo, que reconocen la excelencia profesional, el licenciado en Comunicaci\u00f3n Social Daniel Quilodr\u00e1n (FADECS, 2024), fue distinguido por su trabajo \u00bfHay riesgo de que ocurra un gran sismo cerca de Vaca Muerta?<\/p>\n<p>La premiaci\u00f3n, realizada el mi\u00e9rcoles 11 de diciembre en Puerto Madero (CABA), se lleva a cabo desde hace 35 a\u00f1os y distingue por su producciones period\u00edsticas de medios impresos y digitales a periodistas, reporteros gr\u00e1ficos, dibujantes, editores y dise\u00f1adores de todo el pa\u00eds.<\/p>\n<p>En esta edici\u00f3n participaron 986 profesionales de prensa, con un total de 1.617 trabajos divididos en 23 categor\u00edas. \u00abFue muy especial porque estuve con colegas de todo el pa\u00eds, en representaci\u00f3n del \u00fanico medio de la Patagonia. La mayor\u00eda de los premiados eran de Buenos Aires y algunos del interior, y obtuve una menci\u00f3n en periodismo cient\u00edfico por un trabajo vinculado a los sismos de Vaca Muerta. Y si existe la posibilidad de que se produzca un gran sismo como consecuencia de la actividad de fracturaci\u00f3n hidr\u00e1ulica (fracking) en toda la zona\u00bb, dijo Daniel.<\/p>\n<p>El jurado otorg\u00f3 una menci\u00f3n especial al trabajo de nuestro egresado, en tanto que los dos primeros premios fueron para el diario La Naci\u00f3n, lo que refuerza la importancia del reconocimiento a la tarea que se realiza desde la Patagonia y destaca el aporte a la divulgaci\u00f3n de la ciencia.<\/p>\n<p>Daniel se desempe\u00f1a desde hace tres a\u00f1os en la secci\u00f3n de Ciencia del diario R\u00edo Negro (un peque\u00f1o espacio que sale los fines de semana), \u00aball\u00ed empec\u00e9 desde mi ingreso como pasante y segu\u00ed cooperando al quedar fijo en planta (diciembre de 2022). Y en este momento tan especial, en donde algunos cient\u00edficos se est\u00e1n yendo del pa\u00eds en busca de mejores presupuestos y m\u00e1s oportunidades donde poder desarrollarse, es particularmente especial, sobre todo para quienes generan ciencia desde el Cono Sur, desde la Patagonia de R\u00edo Negro y Neuqu\u00e9n\u00bb, dijo.<\/p>\n<p>La FADECS felicita a Daniel Quilodr\u00e1n por el reconocimiento obtenido, este logro pone de relieve el est\u00e1ndar acad\u00e9mico de nuestros egresados y expande a nivel nacional la producci\u00f3n intelectual en el campo del periodismo.<\/p>\n","protected":false},"excerpt":{"rendered":"<p>En un acto donde se entregaron los Premios Adepa (Asociaci\u00f3n de Entidades Period\u00edsticas Argentinas) al Periodismo, que reconocen la excelencia profesional, el licenciado en Comunicaci\u00f3n Social Daniel Quilodr\u00e1n (FADECS, 2024), fue distinguido por su trabajo \u00bfHay riesgo de que ocurra un gran sismo cerca de Vaca Muerta? La premiaci\u00f3n, realizada el mi\u00e9rcoles 11 de diciembre [&hellip;]<\/p>\n","protected":false},"author":4,"featured_media":22895,"comment_status":"closed","ping_status":"closed","sticky":false,"template":"","format":"standard","meta":{"footnotes":""},"categories":[5],"tags":[],"class_list":["post-22894","post","type-post","status-publish","format-standard","has-post-thumbnail","hentry","category-notifadecs"],"_links":{"self":[{"href":"https:\/\/fadeweb.uncoma.edu.ar\/index.php\/wp-json\/wp\/v2\/posts\/22894","targetHints":{"allow":["GET"]}}],"collection":[{"href":"https:\/\/fadeweb.uncoma.edu.ar\/index.php\/wp-json\/wp\/v2\/posts"}],"about":[{"href":"https:\/\/fadeweb.uncoma.edu.ar\/index.php\/wp-json\/wp\/v2\/types\/post"}],"author":[{"embeddable":true,"href":"https:\/\/fadeweb.uncoma.edu.ar\/index.php\/wp-json\/wp\/v2\/users\/4"}],"replies":[{"embeddable":true,"href":"https:\/\/fadeweb.uncoma.edu.ar\/index.php\/wp-json\/wp\/v2\/comments?post=22894"}],"version-history":[{"count":3,"href":"https:\/\/fadeweb.uncoma.edu.ar\/index.php\/wp-json\/wp\/v2\/posts\/22894\/revisions"}],"predecessor-version":[{"id":22898,"href":"https:\/\/fadeweb.uncoma.edu.ar\/index.php\/wp-json\/wp\/v2\/posts\/22894\/revisions\/22898"}],"wp:featuredmedia":[{"embeddable":true,"href":"https:\/\/fadeweb.uncoma.edu.ar\/index.php\/wp-json\/wp\/v2\/media\/22895"}],"wp:attachment":[{"href":"https:\/\/fadeweb.uncoma.edu.ar\/index.php\/wp-json\/wp\/v2\/media?parent=22894"}],"wp:term":[{"taxonomy":"category","embeddable":true,"href":"https:\/\/fadeweb.uncoma.edu.ar\/index.php\/wp-json\/wp\/v2\/categories?post=22894"},{"taxonomy":"post_tag","embeddable":true,"href":"https:\/\/fadeweb.uncoma.edu.ar\/index.php\/wp-json\/wp\/v2\/tags?post=22894"}],"curies":[{"name":"wp","href":"https:\/\/api.w.org\/{rel}","templated":true}]}}