{"id":22716,"date":"2024-11-22T11:48:18","date_gmt":"2024-11-22T14:48:18","guid":{"rendered":"https:\/\/fadeweb.uncoma.edu.ar\/?p=22716"},"modified":"2024-11-22T11:48:18","modified_gmt":"2024-11-22T14:48:18","slug":"el-programa-futbol-valorado-presento-su-evaluacion-en-la-fadecs","status":"publish","type":"post","link":"https:\/\/fadeweb.uncoma.edu.ar\/index.php\/2024\/11\/22\/el-programa-futbol-valorado-presento-su-evaluacion-en-la-fadecs\/","title":{"rendered":"EL PROGRAMA F\u00daTBOL VALORADO PRESENT\u00d3 SU EVALUACI\u00d3N EN LA FADECS"},"content":{"rendered":"<p><img fetchpriority=\"high\" decoding=\"async\" class=\"alignnone wp-image-22717\" src=\"https:\/\/fadeweb.uncoma.edu.ar\/wp-content\/uploads\/2024\/11\/felix-1-1024x1024.jpg\" alt=\"\" width=\"500\" height=\"500\" srcset=\"https:\/\/fadeweb.uncoma.edu.ar\/wp-content\/uploads\/2024\/11\/felix-1-1024x1024.jpg 1024w, https:\/\/fadeweb.uncoma.edu.ar\/wp-content\/uploads\/2024\/11\/felix-1-300x300.jpg 300w, https:\/\/fadeweb.uncoma.edu.ar\/wp-content\/uploads\/2024\/11\/felix-1-150x150.jpg 150w, https:\/\/fadeweb.uncoma.edu.ar\/wp-content\/uploads\/2024\/11\/felix-1-768x768.jpg 768w, https:\/\/fadeweb.uncoma.edu.ar\/wp-content\/uploads\/2024\/11\/felix-1.jpg 1080w\" sizes=\"(max-width: 500px) 100vw, 500px\" \/> <img decoding=\"async\" class=\"alignnone wp-image-22718\" src=\"https:\/\/fadeweb.uncoma.edu.ar\/wp-content\/uploads\/2024\/11\/felix2-e1732286856951-1024x576.jpeg\" alt=\"\" width=\"600\" height=\"338\" srcset=\"https:\/\/fadeweb.uncoma.edu.ar\/wp-content\/uploads\/2024\/11\/felix2-e1732286856951-1024x576.jpeg 1024w, https:\/\/fadeweb.uncoma.edu.ar\/wp-content\/uploads\/2024\/11\/felix2-e1732286856951-300x169.jpeg 300w, https:\/\/fadeweb.uncoma.edu.ar\/wp-content\/uploads\/2024\/11\/felix2-e1732286856951-768x432.jpeg 768w, https:\/\/fadeweb.uncoma.edu.ar\/wp-content\/uploads\/2024\/11\/felix2-e1732286856951.jpeg 1080w\" sizes=\"(max-width: 600px) 100vw, 600px\" \/><\/p>\n<p>La Secretaria General de la FADECS informa que el viernes 15 de noviembre, los ni\u00f1os del Club Social y Deportivo Cruz de la Barda de General Roca junto a su t\u00e9cnico y equipo de trabajo, fueron invitados a nuestra casa de estudios a exponer la experiencia de F\u00fatbol Valorado, en el marco del Seminario \u201cNi\u00f1eces y Adolescencias, entre la protecci\u00f3n y la criminalizaci\u00f3n\u201d (RES. N\u00ba 0550-FADECS).<\/p>\n<p>Uno de los prop\u00f3sitos del Programa F\u00fatbol Valorado es que, tanto las o los referentes como los ni\u00f1os y adolescentes, puedan conocer nuevas formas de realizar las actividades deportivas a trav\u00e9s de la generaci\u00f3n de espacios de encuentros. Esos espacios promueven una visi\u00f3n diferente en la construcci\u00f3n vincular entre pares y hacia el mundo adulto. Se proponen instancias orientadas al respeto por el otro, buen trato, manejo de las emociones y la concientizaci\u00f3n de los valores y las habilidades para la vida.<\/p>\n<p>El tr\u00e1nsito de adultocentrismo al protagonismo de las ni\u00f1eces implica un enfoque de derechos que permita animarnos a giros radicales en nuestras pr\u00e1cticas cotidianas, poniendo en el centro las voces, sentires y experiencias de los ni\u00f1os, en el marco de la corresponsabilidad de todos los actores institucionales y sociales. Desde este enfoque, la participaci\u00f3n de los ni\u00f1os aloja en s\u00ed un salto cualitativo al incidir en el proceso del ejercicio del conjunto de los derechos, coloc\u00e1ndolos como actores sociales con incidencia en los procesos de transformaci\u00f3n social.<\/p>\n<p>\u00abAgradecemos la invitaci\u00f3n y el espacio brindado para que nuestras infancias tomen el protagonismo y sus voces sean escuchadas y sean tenidos en cuenta los procesos y\/o estrategias de promoci\u00f3n de derechos y definici\u00f3n de la Pol\u00edtica P\u00fablica. En especial a la FADECS por la invitaci\u00f3n al seminario y la visita guiada por el campus universitario, al municipio por el trasporte y traslado, y a los estudiantes Karen Sandoval y Mauro Reumay de la Pr\u00e1ctica de Servicio Social en Comunidad\u00bb, dijeron.<\/p>\n","protected":false},"excerpt":{"rendered":"<p>La Secretaria General de la FADECS informa que el viernes 15 de noviembre, los ni\u00f1os del Club Social y Deportivo Cruz de la Barda de General Roca junto a su t\u00e9cnico y equipo de trabajo, fueron invitados a nuestra casa de estudios a exponer la experiencia de F\u00fatbol Valorado, en el marco del Seminario \u201cNi\u00f1eces [&hellip;]<\/p>\n","protected":false},"author":4,"featured_media":22717,"comment_status":"closed","ping_status":"closed","sticky":false,"template":"","format":"standard","meta":{"footnotes":""},"categories":[5],"tags":[],"class_list":["post-22716","post","type-post","status-publish","format-standard","has-post-thumbnail","hentry","category-notifadecs"],"_links":{"self":[{"href":"https:\/\/fadeweb.uncoma.edu.ar\/index.php\/wp-json\/wp\/v2\/posts\/22716","targetHints":{"allow":["GET"]}}],"collection":[{"href":"https:\/\/fadeweb.uncoma.edu.ar\/index.php\/wp-json\/wp\/v2\/posts"}],"about":[{"href":"https:\/\/fadeweb.uncoma.edu.ar\/index.php\/wp-json\/wp\/v2\/types\/post"}],"author":[{"embeddable":true,"href":"https:\/\/fadeweb.uncoma.edu.ar\/index.php\/wp-json\/wp\/v2\/users\/4"}],"replies":[{"embeddable":true,"href":"https:\/\/fadeweb.uncoma.edu.ar\/index.php\/wp-json\/wp\/v2\/comments?post=22716"}],"version-history":[{"count":1,"href":"https:\/\/fadeweb.uncoma.edu.ar\/index.php\/wp-json\/wp\/v2\/posts\/22716\/revisions"}],"predecessor-version":[{"id":22719,"href":"https:\/\/fadeweb.uncoma.edu.ar\/index.php\/wp-json\/wp\/v2\/posts\/22716\/revisions\/22719"}],"wp:featuredmedia":[{"embeddable":true,"href":"https:\/\/fadeweb.uncoma.edu.ar\/index.php\/wp-json\/wp\/v2\/media\/22717"}],"wp:attachment":[{"href":"https:\/\/fadeweb.uncoma.edu.ar\/index.php\/wp-json\/wp\/v2\/media?parent=22716"}],"wp:term":[{"taxonomy":"category","embeddable":true,"href":"https:\/\/fadeweb.uncoma.edu.ar\/index.php\/wp-json\/wp\/v2\/categories?post=22716"},{"taxonomy":"post_tag","embeddable":true,"href":"https:\/\/fadeweb.uncoma.edu.ar\/index.php\/wp-json\/wp\/v2\/tags?post=22716"}],"curies":[{"name":"wp","href":"https:\/\/api.w.org\/{rel}","templated":true}]}}