{"id":22685,"date":"2024-11-22T00:05:58","date_gmt":"2024-11-22T03:05:58","guid":{"rendered":"https:\/\/fadeweb.uncoma.edu.ar\/?p=22685"},"modified":"2024-11-20T11:39:46","modified_gmt":"2024-11-20T14:39:46","slug":"22-de-noviembre-dia-de-la-gratuidad-universitaria-2","status":"publish","type":"post","link":"https:\/\/fadeweb.uncoma.edu.ar\/index.php\/2024\/11\/22\/22-de-noviembre-dia-de-la-gratuidad-universitaria-2\/","title":{"rendered":"22 DE NOVIEMBRE | D\u00cdA DE LA GRATUIDAD UNIVERSITARIA"},"content":{"rendered":"<p><img fetchpriority=\"high\" decoding=\"async\" class=\"alignnone wp-image-22686\" src=\"https:\/\/fadeweb.uncoma.edu.ar\/wp-content\/uploads\/2024\/11\/22-DE-NOVIEMBRE-2024-copia-1024x1024.jpg\" alt=\"22 DE NOVIEMBRE D\u00cdA DE LA GRATUIDAD UNIVERSITARIA\" width=\"600\" height=\"600\" srcset=\"https:\/\/fadeweb.uncoma.edu.ar\/wp-content\/uploads\/2024\/11\/22-DE-NOVIEMBRE-2024-copia-1024x1024.jpg 1024w, https:\/\/fadeweb.uncoma.edu.ar\/wp-content\/uploads\/2024\/11\/22-DE-NOVIEMBRE-2024-copia-300x300.jpg 300w, https:\/\/fadeweb.uncoma.edu.ar\/wp-content\/uploads\/2024\/11\/22-DE-NOVIEMBRE-2024-copia-150x150.jpg 150w, https:\/\/fadeweb.uncoma.edu.ar\/wp-content\/uploads\/2024\/11\/22-DE-NOVIEMBRE-2024-copia-768x768.jpg 768w, https:\/\/fadeweb.uncoma.edu.ar\/wp-content\/uploads\/2024\/11\/22-DE-NOVIEMBRE-2024-copia-1536x1536.jpg 1536w, https:\/\/fadeweb.uncoma.edu.ar\/wp-content\/uploads\/2024\/11\/22-DE-NOVIEMBRE-2024-copia.jpg 1920w\" sizes=\"(max-width: 600px) 100vw, 600px\" \/><\/p>\n<p>El derecho universal a la educaci\u00f3n superior gratuita a las carreras de grado en las universidades p\u00fablicas ampl\u00eda la base social del estudiantado, permitiendo el acceso de personas que de otro modo no hubieran podido hacerlo.<\/p>\n<p>Las autoridades de la FADECS celebran la perspectiva democratizadora de la educaci\u00f3n superior como instrumento de ampliaci\u00f3n y desarrollo cultural, pol\u00edtica y social. El D\u00eda Nacional de la Gratuidad Universitaria reivindica con fuerza a la educaci\u00f3n superior como una dimensi\u00f3n que contribuye a la distribuci\u00f3n equitativa del conocimiento y asegura la igualdad de oportunidades.<\/p>\n","protected":false},"excerpt":{"rendered":"<p>El derecho universal a la educaci\u00f3n superior gratuita a las carreras de grado en las universidades p\u00fablicas ampl\u00eda la base social del estudiantado, permitiendo el acceso de personas que de otro modo no hubieran podido hacerlo. Las autoridades de la FADECS celebran la perspectiva democratizadora de la educaci\u00f3n superior como instrumento de ampliaci\u00f3n y desarrollo [&hellip;]<\/p>\n","protected":false},"author":4,"featured_media":22686,"comment_status":"closed","ping_status":"closed","sticky":false,"template":"","format":"standard","meta":{"footnotes":""},"categories":[5],"tags":[],"class_list":["post-22685","post","type-post","status-publish","format-standard","has-post-thumbnail","hentry","category-notifadecs"],"_links":{"self":[{"href":"https:\/\/fadeweb.uncoma.edu.ar\/index.php\/wp-json\/wp\/v2\/posts\/22685","targetHints":{"allow":["GET"]}}],"collection":[{"href":"https:\/\/fadeweb.uncoma.edu.ar\/index.php\/wp-json\/wp\/v2\/posts"}],"about":[{"href":"https:\/\/fadeweb.uncoma.edu.ar\/index.php\/wp-json\/wp\/v2\/types\/post"}],"author":[{"embeddable":true,"href":"https:\/\/fadeweb.uncoma.edu.ar\/index.php\/wp-json\/wp\/v2\/users\/4"}],"replies":[{"embeddable":true,"href":"https:\/\/fadeweb.uncoma.edu.ar\/index.php\/wp-json\/wp\/v2\/comments?post=22685"}],"version-history":[{"count":2,"href":"https:\/\/fadeweb.uncoma.edu.ar\/index.php\/wp-json\/wp\/v2\/posts\/22685\/revisions"}],"predecessor-version":[{"id":22690,"href":"https:\/\/fadeweb.uncoma.edu.ar\/index.php\/wp-json\/wp\/v2\/posts\/22685\/revisions\/22690"}],"wp:featuredmedia":[{"embeddable":true,"href":"https:\/\/fadeweb.uncoma.edu.ar\/index.php\/wp-json\/wp\/v2\/media\/22686"}],"wp:attachment":[{"href":"https:\/\/fadeweb.uncoma.edu.ar\/index.php\/wp-json\/wp\/v2\/media?parent=22685"}],"wp:term":[{"taxonomy":"category","embeddable":true,"href":"https:\/\/fadeweb.uncoma.edu.ar\/index.php\/wp-json\/wp\/v2\/categories?post=22685"},{"taxonomy":"post_tag","embeddable":true,"href":"https:\/\/fadeweb.uncoma.edu.ar\/index.php\/wp-json\/wp\/v2\/tags?post=22685"}],"curies":[{"name":"wp","href":"https:\/\/api.w.org\/{rel}","templated":true}]}}