{"id":22501,"date":"2024-11-05T11:04:30","date_gmt":"2024-11-05T14:04:30","guid":{"rendered":"https:\/\/fadeweb.uncoma.edu.ar\/?p=22501"},"modified":"2024-11-05T11:15:48","modified_gmt":"2024-11-05T14:15:48","slug":"investigadores-de-fadecs-acaban-de-publicar-en-mexico","status":"publish","type":"post","link":"https:\/\/fadeweb.uncoma.edu.ar\/index.php\/2024\/11\/05\/investigadores-de-fadecs-acaban-de-publicar-en-mexico\/","title":{"rendered":"INVESTIGADORES DE FADECS ACABAN DE PUBLICAR EN M\u00c9XICO"},"content":{"rendered":"<p><img fetchpriority=\"high\" decoding=\"async\" class=\"alignnone wp-image-22502 size-large\" src=\"https:\/\/fadeweb.uncoma.edu.ar\/wp-content\/uploads\/2024\/11\/ontologia-e1730815451804-1024x609.jpg\" alt=\"\" width=\"800\" height=\"476\" srcset=\"https:\/\/fadeweb.uncoma.edu.ar\/wp-content\/uploads\/2024\/11\/ontologia-e1730815451804-1024x609.jpg 1024w, https:\/\/fadeweb.uncoma.edu.ar\/wp-content\/uploads\/2024\/11\/ontologia-e1730815451804-300x178.jpg 300w, https:\/\/fadeweb.uncoma.edu.ar\/wp-content\/uploads\/2024\/11\/ontologia-e1730815451804-768x457.jpg 768w, https:\/\/fadeweb.uncoma.edu.ar\/wp-content\/uploads\/2024\/11\/ontologia-e1730815451804.jpg 1026w\" sizes=\"(max-width: 800px) 100vw, 800px\" \/><\/p>\n<p>Un nuevo libro editado por la Universidad Nacional Aut\u00f3noma de M\u00e9xico (UNAM) incluye cap\u00edtulos elaborados por dos investigadores del proyecto El audiovisual Narrativas y Representaciones Patag\u00f3nicas 04\/D133 dirigido por Gustavo Gzain.<\/p>\n<p>El texto se titula \u201cOntolog\u00eda, est\u00e9tica y teor\u00eda cinematogr\u00e1fica\u201d, es el primer volumen de una serie que continuar\u00e1 el a\u00f1o pr\u00f3ximo y a su publicaci\u00f3n se arrib\u00f3 luego de un proceso acad\u00e9mico de evaluaci\u00f3n por pares.<\/p>\n<p>Los docentes de nuestra instituci\u00f3n que participan de la obra son la Dra. Stella Maris Poggian y el Dr. Ricardo Haye, investigadores y docentes de larga trayectoria en la Universidad del Comahue.<\/p>\n<p>Junto a ellos intervinieron tambi\u00e9n un colectivo de prestigiosos acad\u00e9micos mexicanos, entre los que se encuentran Lauro Zavala, Ernesto Gonz\u00e1lez Rubio, Gabriela Vivar Mart\u00ednez, Gilberto Vargas Arana, No\u00e9 Sotelo Herrera, Azucena Mecalco y H\u00e9ctor Manuel Lujambio Valle. La coordinaci\u00f3n general estuvo a cargo de la Dra. Virginia Medina \u00c1vila y el Dr. Alejandro Salcedo Aquino.<\/p>\n<p>Esta obra colectiva tiene el prop\u00f3sito de dar a conocer estudios en torno al arte cinematogr\u00e1fico desde la perspectiva de la ontolog\u00eda, la est\u00e9tica y la teor\u00eda cinematogr\u00e1fica, a fin de crear un nuevo acercamiento a un arte que se renueva con cada modificaci\u00f3n tecnol\u00f3gica, cada cambio cultural y cada p\u00fablico a quien se dirige. Son casi 400 p\u00e1ginas de aportaciones que contribuyen al descubrimiento y la apropiaci\u00f3n de nuevos universos f\u00edlmicos y audiovisuales en general.<\/p>\n<p>La Dra. Poggian elabor\u00f3 un ensayo titulado \u201cDe la hip\u00f3tesis del lago a la inteligencia artificial\u201d, mientras que el Dr. Haye hizo lo propio con el texto \u201cRealidad y fantas\u00eda en el ecosistema audiovisual. Un proceso de relegitimaci\u00f3n de la televisi\u00f3n\u201d.<\/p>\n<p>Ya se inform\u00f3 que \u201cOntolog\u00eda, est\u00e9tica y teor\u00eda cinematogr\u00e1fica\u201d ser\u00e1 presentado en la Feria Internacional del Libro, que se desarrollar\u00e1 en la ciudad de M\u00e9xico en febrero pr\u00f3ximo.<\/p>\n<p>Los autores integran el proyecto de investigaci\u00f3n internacional \u201cOntolog\u00eda, est\u00e9tica y Teor\u00eda cinematogr\u00e1fica\u201d (2023-2025)\u00a0 PAPIIT.IG400123 y el Seminario Permanente de estudios de Cine (SEPEC) de la UNAM que dirige la Dra. Virginia Medina \u00c1vila.<\/p>\n<p>Pr\u00f3ximamente el volumen estar\u00e1 a disposici\u00f3n de los interesados en la biblioteca de la FADECS.<\/p>\n","protected":false},"excerpt":{"rendered":"<p>Un nuevo libro editado por la Universidad Nacional Aut\u00f3noma de M\u00e9xico (UNAM) incluye cap\u00edtulos elaborados por dos investigadores del proyecto El audiovisual Narrativas y Representaciones Patag\u00f3nicas 04\/D133 dirigido por Gustavo Gzain. El texto se titula \u201cOntolog\u00eda, est\u00e9tica y teor\u00eda cinematogr\u00e1fica\u201d, es el primer volumen de una serie que continuar\u00e1 el a\u00f1o pr\u00f3ximo y a su [&hellip;]<\/p>\n","protected":false},"author":4,"featured_media":22502,"comment_status":"closed","ping_status":"closed","sticky":false,"template":"","format":"standard","meta":{"footnotes":""},"categories":[5],"tags":[],"class_list":["post-22501","post","type-post","status-publish","format-standard","has-post-thumbnail","hentry","category-notifadecs"],"_links":{"self":[{"href":"https:\/\/fadeweb.uncoma.edu.ar\/index.php\/wp-json\/wp\/v2\/posts\/22501","targetHints":{"allow":["GET"]}}],"collection":[{"href":"https:\/\/fadeweb.uncoma.edu.ar\/index.php\/wp-json\/wp\/v2\/posts"}],"about":[{"href":"https:\/\/fadeweb.uncoma.edu.ar\/index.php\/wp-json\/wp\/v2\/types\/post"}],"author":[{"embeddable":true,"href":"https:\/\/fadeweb.uncoma.edu.ar\/index.php\/wp-json\/wp\/v2\/users\/4"}],"replies":[{"embeddable":true,"href":"https:\/\/fadeweb.uncoma.edu.ar\/index.php\/wp-json\/wp\/v2\/comments?post=22501"}],"version-history":[{"count":2,"href":"https:\/\/fadeweb.uncoma.edu.ar\/index.php\/wp-json\/wp\/v2\/posts\/22501\/revisions"}],"predecessor-version":[{"id":22506,"href":"https:\/\/fadeweb.uncoma.edu.ar\/index.php\/wp-json\/wp\/v2\/posts\/22501\/revisions\/22506"}],"wp:featuredmedia":[{"embeddable":true,"href":"https:\/\/fadeweb.uncoma.edu.ar\/index.php\/wp-json\/wp\/v2\/media\/22502"}],"wp:attachment":[{"href":"https:\/\/fadeweb.uncoma.edu.ar\/index.php\/wp-json\/wp\/v2\/media?parent=22501"}],"wp:term":[{"taxonomy":"category","embeddable":true,"href":"https:\/\/fadeweb.uncoma.edu.ar\/index.php\/wp-json\/wp\/v2\/categories?post=22501"},{"taxonomy":"post_tag","embeddable":true,"href":"https:\/\/fadeweb.uncoma.edu.ar\/index.php\/wp-json\/wp\/v2\/tags?post=22501"}],"curies":[{"name":"wp","href":"https:\/\/api.w.org\/{rel}","templated":true}]}}