{"id":22196,"date":"2024-10-02T13:28:58","date_gmt":"2024-10-02T16:28:58","guid":{"rendered":"https:\/\/fadeweb.uncoma.edu.ar\/?p=22196"},"modified":"2024-10-02T13:28:58","modified_gmt":"2024-10-02T16:28:58","slug":"la-upeu-acompana-a-estudiantes-de-la-fadecs","status":"publish","type":"post","link":"https:\/\/fadeweb.uncoma.edu.ar\/index.php\/2024\/10\/02\/la-upeu-acompana-a-estudiantes-de-la-fadecs\/","title":{"rendered":"LA UPEU ACOMPA\u00d1A A ESTUDIANTES DE LA FADECS"},"content":{"rendered":"<p><img fetchpriority=\"high\" decoding=\"async\" class=\"alignnone wp-image-22197\" src=\"https:\/\/fadeweb.uncoma.edu.ar\/wp-content\/uploads\/2024\/10\/d000-1024x771.jpg\" alt=\"LA UPEU ACOMPA\u00d1A A ESTUDIANTES DE LA FADECS\" width=\"600\" height=\"452\" srcset=\"https:\/\/fadeweb.uncoma.edu.ar\/wp-content\/uploads\/2024\/10\/d000-1024x771.jpg 1024w, https:\/\/fadeweb.uncoma.edu.ar\/wp-content\/uploads\/2024\/10\/d000-300x226.jpg 300w, https:\/\/fadeweb.uncoma.edu.ar\/wp-content\/uploads\/2024\/10\/d000-768x578.jpg 768w, https:\/\/fadeweb.uncoma.edu.ar\/wp-content\/uploads\/2024\/10\/d000.jpg 1080w\" sizes=\"(max-width: 600px) 100vw, 600px\" \/><\/p>\n<p>La Facultad de Derecho y Ciencias Sociales y la Unidad Provincial de Enlace con las Universidades (UPEU), avanzaron este mi\u00e9rcoles 2 de octubre en la profundizaci\u00f3n de la articulaci\u00f3n entre el Estado Provincial y nuestra casa de estudios. En este sentido, se puso en marcha el acompa\u00f1amiento alimentario para estudiantes a fin de que permanezcan dentro sistema, y evitar la deserci\u00f3n como un modo de fortalecer el crecimiento de nuestra unidad acad\u00e9mica.<\/p>\n<p>El decano de la FADECS Juan Carlos Fern\u00e1ndez agradeci\u00f3 \u00aben nombre de la comunidad acad\u00e9mica por la posibilidad de que nuestras\/os estudiantes tengan un beneficio de ayuda alimentaria, gracias al acompa\u00f1amiento y esfuerzo permanente de la provincia de R\u00edo Negro a trav\u00e9s de la Subsecretaria Unidad Provincial de Enlace con las Universidades (UPEU), que conduce Daiana Neri. El esfuerzo de la secretar\u00eda de Bienestar es continuo, a fin de obtener esta respuesta que consideramos sumamente adecuada de parte de la UPEU, en este como en otros temas, en los que la comunidad rionegrina hace su aporte importante en beneficio de todos ustedes. Y espero que este trabajo conjunto siga con la misma fortaleza\u00bb.<\/p>\n<p>Neri dijo que \u00abes muy importante que, desde el gobierno provincial, se pueda acompa\u00f1ar en este contexto tan complejo. Y en este d\u00eda tan especial en el que se ha convocado a una marcha nacional para defender a las universidades p\u00fablicas y el presupuesto universitario, y que da cumplimiento a la Ley de Educaci\u00f3n Superior, que es un emblema para nuestro pa\u00eds. En esta etapa consideramos importante enlazar la agenda de R\u00edo Negro con las universidades y eso hace que los estudiantes est\u00e9n en el centro de nuestras decisiones\u00bb.<\/p>\n<p>\u00a1En defensa de la Universidad P\u00fablica!<\/p>\n","protected":false},"excerpt":{"rendered":"<p>La Facultad de Derecho y Ciencias Sociales y la Unidad Provincial de Enlace con las Universidades (UPEU), avanzaron este mi\u00e9rcoles 2 de octubre en la profundizaci\u00f3n de la articulaci\u00f3n entre el Estado Provincial y nuestra casa de estudios. En este sentido, se puso en marcha el acompa\u00f1amiento alimentario para estudiantes a fin de que permanezcan [&hellip;]<\/p>\n","protected":false},"author":4,"featured_media":22197,"comment_status":"closed","ping_status":"closed","sticky":false,"template":"","format":"standard","meta":{"footnotes":""},"categories":[5],"tags":[],"class_list":["post-22196","post","type-post","status-publish","format-standard","has-post-thumbnail","hentry","category-notifadecs"],"_links":{"self":[{"href":"https:\/\/fadeweb.uncoma.edu.ar\/index.php\/wp-json\/wp\/v2\/posts\/22196","targetHints":{"allow":["GET"]}}],"collection":[{"href":"https:\/\/fadeweb.uncoma.edu.ar\/index.php\/wp-json\/wp\/v2\/posts"}],"about":[{"href":"https:\/\/fadeweb.uncoma.edu.ar\/index.php\/wp-json\/wp\/v2\/types\/post"}],"author":[{"embeddable":true,"href":"https:\/\/fadeweb.uncoma.edu.ar\/index.php\/wp-json\/wp\/v2\/users\/4"}],"replies":[{"embeddable":true,"href":"https:\/\/fadeweb.uncoma.edu.ar\/index.php\/wp-json\/wp\/v2\/comments?post=22196"}],"version-history":[{"count":1,"href":"https:\/\/fadeweb.uncoma.edu.ar\/index.php\/wp-json\/wp\/v2\/posts\/22196\/revisions"}],"predecessor-version":[{"id":22198,"href":"https:\/\/fadeweb.uncoma.edu.ar\/index.php\/wp-json\/wp\/v2\/posts\/22196\/revisions\/22198"}],"wp:featuredmedia":[{"embeddable":true,"href":"https:\/\/fadeweb.uncoma.edu.ar\/index.php\/wp-json\/wp\/v2\/media\/22197"}],"wp:attachment":[{"href":"https:\/\/fadeweb.uncoma.edu.ar\/index.php\/wp-json\/wp\/v2\/media?parent=22196"}],"wp:term":[{"taxonomy":"category","embeddable":true,"href":"https:\/\/fadeweb.uncoma.edu.ar\/index.php\/wp-json\/wp\/v2\/categories?post=22196"},{"taxonomy":"post_tag","embeddable":true,"href":"https:\/\/fadeweb.uncoma.edu.ar\/index.php\/wp-json\/wp\/v2\/tags?post=22196"}],"curies":[{"name":"wp","href":"https:\/\/api.w.org\/{rel}","templated":true}]}}