{"id":22129,"date":"2024-09-30T09:00:53","date_gmt":"2024-09-30T12:00:53","guid":{"rendered":"https:\/\/fadeweb.uncoma.edu.ar\/?p=22129"},"modified":"2024-09-30T09:00:53","modified_gmt":"2024-09-30T12:00:53","slug":"presentacion-de-la-investigacion-%c2%a8socorristas-en-red-soporte-comunitario-a-la-autogestion-del-aborto-en-la-argentina%c2%a8","status":"publish","type":"post","link":"https:\/\/fadeweb.uncoma.edu.ar\/index.php\/2024\/09\/30\/presentacion-de-la-investigacion-%c2%a8socorristas-en-red-soporte-comunitario-a-la-autogestion-del-aborto-en-la-argentina%c2%a8\/","title":{"rendered":"PRESENTACI\u00d3N DE LA INVESTIGACI\u00d3N \u00a8SOCORRISTAS EN RED. SOPORTE COMUNITARIO A LA AUTOGESTI\u00d3N DEL ABORTO EN LA ARGENTINA\u00a8"},"content":{"rendered":"<p><img fetchpriority=\"high\" decoding=\"async\" class=\"alignnone wp-image-22130\" src=\"https:\/\/fadeweb.uncoma.edu.ar\/wp-content\/uploads\/2024\/09\/Flyer-7_10--1024x1024.jpeg\" alt=\"PRESENTACI\u00d3N DE LA INVESTIGACI\u00d3N \u00a8SOCORRISTAS EN RED. SOPORTE COMUNITARIO A LA AUTOGESTI\u00d3N DEL ABORTO EN LA ARGENTINA\u00a8\" width=\"600\" height=\"600\" srcset=\"https:\/\/fadeweb.uncoma.edu.ar\/wp-content\/uploads\/2024\/09\/Flyer-7_10--1024x1024.jpeg 1024w, https:\/\/fadeweb.uncoma.edu.ar\/wp-content\/uploads\/2024\/09\/Flyer-7_10--300x300.jpeg 300w, https:\/\/fadeweb.uncoma.edu.ar\/wp-content\/uploads\/2024\/09\/Flyer-7_10--150x150.jpeg 150w, https:\/\/fadeweb.uncoma.edu.ar\/wp-content\/uploads\/2024\/09\/Flyer-7_10--768x768.jpeg 768w, https:\/\/fadeweb.uncoma.edu.ar\/wp-content\/uploads\/2024\/09\/Flyer-7_10-.jpeg 1080w\" sizes=\"(max-width: 600px) 100vw, 600px\" \/><\/p>\n<p>&nbsp;<\/p>\n<p><strong>El lunes 7 de octubre a las 18.30, en el auditorio de la Facultad de Econom\u00eda y Administraci\u00f3n de la Universidad Nacional del Comahue.<\/strong><\/p>\n<p><span style=\"font-weight: 400;\">El 28 de septiembre diversas organizaciones latinoamericanas que abogan por los derechos sexuales conmemoran el d\u00eda de acci\u00f3n global por la despenalizaci\u00f3n del aborto. Como parte de estas acciones, la Universidad Nacional del Comahue y la colectiva feminista La Revuelta invitan a la presentaci\u00f3n de la investigaci\u00f3n \u00a8Socorristas en Red. Soporte comunitario a la autogesti\u00f3n del Aborto en Argentina\u00a8. La misma fue realizada por un equipo interdisciplinario de docentes e investigadores de las facultades de Medicina, Econom\u00eda y Administraci\u00f3n y Derecho y Ciencias Sociales durante 2019 y 2020 bajo la direcci\u00f3n de la Mg. Gabriela Luchetti y cont\u00f3 con el financiamiento del Ministerio de Salud de la Naci\u00f3n, a trav\u00e9s de las Becas \u00a8Salud Investiga\u00a8.\u00a0<\/span><\/p>\n<p><span style=\"font-weight: 400;\">El estudio aporta informaci\u00f3n relevante sobre el dispositivo de acompa\u00f1amiento \u00a8Socorro Rosa\u00a8 que la organizaci\u00f3n feminista La Revuelta nacionaliz\u00f3 a partir de la experiencia de acompa\u00f1amiento y autogesti\u00f3n del aborto en la regi\u00f3n. Tambi\u00e9n pone en valor el v\u00ednculo construido con el sistema de salud de las provincias de R\u00edo Negro y Neuqu\u00e9n, sus aportes y tensiones.\u00a0<\/span><\/p>\n<p><span style=\"font-weight: 400;\">El art\u00edculo, que se presenta el lunes 7 de octubre a las 18.30 en el auditorio de la Facultad de Econom\u00eda y Administraci\u00f3n de la UNCo (Buenos Aires 1400 Neuqu\u00e9n), fue evaluado, aceptado y publicado en la revista Salud Colectiva de la Universidad Nacional de Lan\u00fas, reconocida por su prestigio acad\u00e9mico en temas de salud y sociedad.\u00a0<\/span><\/p>\n<p><a href=\"https:\/\/revistas.unla.edu.ar\/saludcolectiva\/article\/view\/4810\/2425\"><span style=\"font-weight: 400;\">https:\/\/revistas.unla.edu.ar\/saludcolectiva\/article\/view\/4810\/2425<\/span><\/a><\/p>\n<p><a href=\"https:\/\/revistas.unla.edu.ar\/saludcolectiva\/article\/view\/4810\"><span style=\"font-weight: 400;\">https:\/\/revistas.unla.edu.ar\/saludcolectiva\/article\/view\/4810<\/span><\/a><\/p>\n<p><a href=\"https:\/\/doi.org\/10.18294\/sc.2024.4810\"><span style=\"font-weight: 400;\">https:\/\/doi.org\/10.18294\/sc.2024.4810<\/span><\/a><\/p>\n<p><span style=\"font-weight: 400;\">PMID: 38992339.<\/span><\/p>\n","protected":false},"excerpt":{"rendered":"<p>&nbsp; El lunes 7 de octubre a las 18.30, en el auditorio de la Facultad de Econom\u00eda y Administraci\u00f3n de la Universidad Nacional del Comahue. El 28 de septiembre diversas organizaciones latinoamericanas que abogan por los derechos sexuales conmemoran el d\u00eda de acci\u00f3n global por la despenalizaci\u00f3n del aborto. Como parte de estas acciones, la [&hellip;]<\/p>\n","protected":false},"author":4,"featured_media":22130,"comment_status":"closed","ping_status":"closed","sticky":false,"template":"","format":"standard","meta":{"footnotes":""},"categories":[5],"tags":[],"class_list":["post-22129","post","type-post","status-publish","format-standard","has-post-thumbnail","hentry","category-notifadecs"],"_links":{"self":[{"href":"https:\/\/fadeweb.uncoma.edu.ar\/index.php\/wp-json\/wp\/v2\/posts\/22129","targetHints":{"allow":["GET"]}}],"collection":[{"href":"https:\/\/fadeweb.uncoma.edu.ar\/index.php\/wp-json\/wp\/v2\/posts"}],"about":[{"href":"https:\/\/fadeweb.uncoma.edu.ar\/index.php\/wp-json\/wp\/v2\/types\/post"}],"author":[{"embeddable":true,"href":"https:\/\/fadeweb.uncoma.edu.ar\/index.php\/wp-json\/wp\/v2\/users\/4"}],"replies":[{"embeddable":true,"href":"https:\/\/fadeweb.uncoma.edu.ar\/index.php\/wp-json\/wp\/v2\/comments?post=22129"}],"version-history":[{"count":1,"href":"https:\/\/fadeweb.uncoma.edu.ar\/index.php\/wp-json\/wp\/v2\/posts\/22129\/revisions"}],"predecessor-version":[{"id":22131,"href":"https:\/\/fadeweb.uncoma.edu.ar\/index.php\/wp-json\/wp\/v2\/posts\/22129\/revisions\/22131"}],"wp:featuredmedia":[{"embeddable":true,"href":"https:\/\/fadeweb.uncoma.edu.ar\/index.php\/wp-json\/wp\/v2\/media\/22130"}],"wp:attachment":[{"href":"https:\/\/fadeweb.uncoma.edu.ar\/index.php\/wp-json\/wp\/v2\/media?parent=22129"}],"wp:term":[{"taxonomy":"category","embeddable":true,"href":"https:\/\/fadeweb.uncoma.edu.ar\/index.php\/wp-json\/wp\/v2\/categories?post=22129"},{"taxonomy":"post_tag","embeddable":true,"href":"https:\/\/fadeweb.uncoma.edu.ar\/index.php\/wp-json\/wp\/v2\/tags?post=22129"}],"curies":[{"name":"wp","href":"https:\/\/api.w.org\/{rel}","templated":true}]}}