{"id":22074,"date":"2024-09-23T11:11:30","date_gmt":"2024-09-23T14:11:30","guid":{"rendered":"https:\/\/fadeweb.uncoma.edu.ar\/?p=22074"},"modified":"2024-09-23T11:11:30","modified_gmt":"2024-09-23T14:11:30","slug":"se-amplio-el-plazo-de-la-nueva-convocatoria-para-los-cursos-de-lengua-de-senas-argentina-en-fadecs","status":"publish","type":"post","link":"https:\/\/fadeweb.uncoma.edu.ar\/index.php\/2024\/09\/23\/se-amplio-el-plazo-de-la-nueva-convocatoria-para-los-cursos-de-lengua-de-senas-argentina-en-fadecs\/","title":{"rendered":"SE AMPLI\u00d3 EL PLAZO DE LA NUEVA CONVOCATORIA PARA LOS CURSOS DE LENGUA DE SE\u00d1AS ARGENTINA EN FADECS"},"content":{"rendered":"<p><img fetchpriority=\"high\" decoding=\"async\" class=\"alignnone wp-image-21813\" src=\"https:\/\/fadeweb.uncoma.edu.ar\/wp-content\/uploads\/2024\/09\/TALLER_senas_argentinas-09-2024-IG-1024x1024.jpg\" alt=\"\u00a1NUEVA CONVOCATORIA PARA LOS CURSOS DE LENGUA DE SE\u00d1AS ARGENTINA EN FADECS! Si quer\u00e9s aprender Lengua de Se\u00f1as Argentina (LSA), esta es tu oportunidad. Lanzamos cursos en niveles inicial, intermedio y avanzado, dictados por el instructor sordo Norberto Ibarra, acompa\u00f1ado de un gran equipo de int\u00e9rpretes. Inicio de clases en septiembre Duraci\u00f3n: 12 clases Modalidad: Presencial, en FADECS Horarios: Nivel inicial: Martes 19 a 21 Nivel intermedio: Viernes 19 a 21 Nivel avanzado: Lunes 19 a 21 Inscripciones abiertas hasta el 20 de septiembre en https:\/\/n9.cl\/4fc6k Consultas por costos e inscripciones: inscripciones.extensionfadecs@gmail.com WhatsApp: 2984690225 Organiza: Secretar\u00eda de Extensi\u00f3n FADECS - UNCo. #LenguaDeSe\u00f1as #Inclusi\u00f3n #CursosFADECS #UniversidadDelComahue #LSA #ComunidadSorda\" width=\"600\" height=\"600\" srcset=\"https:\/\/fadeweb.uncoma.edu.ar\/wp-content\/uploads\/2024\/09\/TALLER_senas_argentinas-09-2024-IG-1024x1024.jpg 1024w, https:\/\/fadeweb.uncoma.edu.ar\/wp-content\/uploads\/2024\/09\/TALLER_senas_argentinas-09-2024-IG-300x300.jpg 300w, https:\/\/fadeweb.uncoma.edu.ar\/wp-content\/uploads\/2024\/09\/TALLER_senas_argentinas-09-2024-IG-150x150.jpg 150w, https:\/\/fadeweb.uncoma.edu.ar\/wp-content\/uploads\/2024\/09\/TALLER_senas_argentinas-09-2024-IG-768x768.jpg 768w, https:\/\/fadeweb.uncoma.edu.ar\/wp-content\/uploads\/2024\/09\/TALLER_senas_argentinas-09-2024-IG.jpg 1080w\" sizes=\"(max-width: 600px) 100vw, 600px\" \/><\/p>\n<p>Si quer\u00e9s aprender Lengua de Se\u00f1as Argentina (LSA), esta es tu oportunidad. Lanzamos cursos en niveles inicial, intermedio y avanzado, dictados por el instructor sordo Norberto Ibarra, acompa\u00f1ado de un gran equipo de int\u00e9rpretes.<\/p>\n<h3>Inicio de clases en septiembre<\/h3>\n<p><strong>Duraci\u00f3n:<\/strong> 12 clases<br \/>\n<strong>Modalidad:<\/strong> Presencial, en FADECS<\/p>\n<h3>Horarios<\/h3>\n<p>Nivel inicial: Martes 19 a 21 AULA 1<br \/>\nNivel intermedio: Viernes 19 a 21 AULA 40<br \/>\nNivel avanzado: Lunes 19 a 21 AULA 11<\/p>\n<p><strong>Inscripciones abiertas hasta el jueves 26 de septiembre en<\/strong><br \/>\n<a href=\"https:\/\/n9.cl\/4fc6k\">https:\/\/n9.cl\/4fc6k<\/a><\/p>\n<p><strong>Consultas por costos e inscripciones:<\/strong> <a href=\"mailto:inscripciones.extensionfadecs@gmail.com\">inscripciones.extensionfadecs@gmail.com<\/a><\/p>\n<p><strong>WhatsApp:<\/strong> 2984690225<\/p>\n<p><strong>Organiza:<\/strong> Secretar\u00eda de Extensi\u00f3n FADECS &#8211; UNCo<\/p>\n","protected":false},"excerpt":{"rendered":"<p>Si quer\u00e9s aprender Lengua de Se\u00f1as Argentina (LSA), esta es tu oportunidad. Lanzamos cursos en niveles inicial, intermedio y avanzado, dictados por el instructor sordo Norberto Ibarra, acompa\u00f1ado de un gran equipo de int\u00e9rpretes. Inicio de clases en septiembre Duraci\u00f3n: 12 clases Modalidad: Presencial, en FADECS Horarios Nivel inicial: Martes 19 a 21 AULA 1 [&hellip;]<\/p>\n","protected":false},"author":4,"featured_media":21813,"comment_status":"closed","ping_status":"closed","sticky":false,"template":"","format":"standard","meta":{"footnotes":""},"categories":[82,5],"tags":[],"class_list":["post-22074","post","type-post","status-publish","format-standard","has-post-thumbnail","hentry","category-lengua-de-senas-argentina","category-notifadecs"],"_links":{"self":[{"href":"https:\/\/fadeweb.uncoma.edu.ar\/index.php\/wp-json\/wp\/v2\/posts\/22074","targetHints":{"allow":["GET"]}}],"collection":[{"href":"https:\/\/fadeweb.uncoma.edu.ar\/index.php\/wp-json\/wp\/v2\/posts"}],"about":[{"href":"https:\/\/fadeweb.uncoma.edu.ar\/index.php\/wp-json\/wp\/v2\/types\/post"}],"author":[{"embeddable":true,"href":"https:\/\/fadeweb.uncoma.edu.ar\/index.php\/wp-json\/wp\/v2\/users\/4"}],"replies":[{"embeddable":true,"href":"https:\/\/fadeweb.uncoma.edu.ar\/index.php\/wp-json\/wp\/v2\/comments?post=22074"}],"version-history":[{"count":1,"href":"https:\/\/fadeweb.uncoma.edu.ar\/index.php\/wp-json\/wp\/v2\/posts\/22074\/revisions"}],"predecessor-version":[{"id":22075,"href":"https:\/\/fadeweb.uncoma.edu.ar\/index.php\/wp-json\/wp\/v2\/posts\/22074\/revisions\/22075"}],"wp:featuredmedia":[{"embeddable":true,"href":"https:\/\/fadeweb.uncoma.edu.ar\/index.php\/wp-json\/wp\/v2\/media\/21813"}],"wp:attachment":[{"href":"https:\/\/fadeweb.uncoma.edu.ar\/index.php\/wp-json\/wp\/v2\/media?parent=22074"}],"wp:term":[{"taxonomy":"category","embeddable":true,"href":"https:\/\/fadeweb.uncoma.edu.ar\/index.php\/wp-json\/wp\/v2\/categories?post=22074"},{"taxonomy":"post_tag","embeddable":true,"href":"https:\/\/fadeweb.uncoma.edu.ar\/index.php\/wp-json\/wp\/v2\/tags?post=22074"}],"curies":[{"name":"wp","href":"https:\/\/api.w.org\/{rel}","templated":true}]}}