{"id":21978,"date":"2024-09-18T11:58:22","date_gmt":"2024-09-18T14:58:22","guid":{"rendered":"https:\/\/fadeweb.uncoma.edu.ar\/?p=21978"},"modified":"2024-09-18T11:58:22","modified_gmt":"2024-09-18T14:58:22","slug":"becas-para-el-curso-de-lengua-de-senas-argentina-todos-los-niveles-en-la-fadecs","status":"publish","type":"post","link":"https:\/\/fadeweb.uncoma.edu.ar\/index.php\/2024\/09\/18\/becas-para-el-curso-de-lengua-de-senas-argentina-todos-los-niveles-en-la-fadecs\/","title":{"rendered":"BECAS PARA EL CURSO DE LENGUA DE SE\u00d1AS ARGENTINA (TODOS LOS NIVELES) EN LA FADECS"},"content":{"rendered":"<p><img fetchpriority=\"high\" decoding=\"async\" class=\"alignnone wp-image-21979\" src=\"https:\/\/fadeweb.uncoma.edu.ar\/wp-content\/uploads\/2024\/09\/bacas-senas-2024-1024x1024.jpg\" alt=\"BECAS PARA EL CURSO DE LENGUA DE SE\u00d1AS ARGENTINA (TODOS LOS NIVELES) EN LA FADECS\n\nLa Facultad de Derecho y Ciencias Sociales informa que se encuentran abiertas las inscripciones a becas para el Curso de Ense\u00f1anza en Lengua de Se\u00f1as Argentina. Niveles Inicial, Intermedio y Avanzado. La convocatoria solo estar\u00e1 destinada a estudiantes y trabajadoras\/es no docentes de la Facultad de Derecho y Cs. Sociales. Se otorgar\u00e1n 5 becas.\n\nLas inscripciones se pueden realizar desde el 18 al 23 de septiembre inclusive, en el siguiente formulario https:\/\/acortar.link\/IiXUXr\n\nOrganiza: Secretar\u00eda de Extensi\u00f3n de la Facultad de Derecho y Ciencias Sociales de la Universidad Nacional del Comahue. Aval FADECS Res. N\u00b0 0177\/24\n\nSe aclara que las becas estar\u00e1n sujetas a que los cursos se inicien con el cupo m\u00ednimo de inscriptos.\" width=\"600\" height=\"600\" srcset=\"https:\/\/fadeweb.uncoma.edu.ar\/wp-content\/uploads\/2024\/09\/bacas-senas-2024-1024x1024.jpg 1024w, https:\/\/fadeweb.uncoma.edu.ar\/wp-content\/uploads\/2024\/09\/bacas-senas-2024-300x300.jpg 300w, https:\/\/fadeweb.uncoma.edu.ar\/wp-content\/uploads\/2024\/09\/bacas-senas-2024-150x150.jpg 150w, https:\/\/fadeweb.uncoma.edu.ar\/wp-content\/uploads\/2024\/09\/bacas-senas-2024-768x768.jpg 768w, https:\/\/fadeweb.uncoma.edu.ar\/wp-content\/uploads\/2024\/09\/bacas-senas-2024.jpg 1080w\" sizes=\"(max-width: 600px) 100vw, 600px\" \/><\/p>\n<p>&nbsp;<\/p>\n<p>La Facultad de Derecho y Ciencias Sociales informa que se encuentran abiertas las inscripciones a becas para el Curso de Ense\u00f1anza en Lengua de Se\u00f1as Argentina. Niveles Inicial, Intermedio y Avanzado. La convocatoria solo estar\u00e1 destinada a estudiantes y trabajadoras\/es no docentes de la Facultad de Derecho y Cs. Sociales. Se otorgar\u00e1n 5 becas.<\/p>\n<p><strong>Las inscripciones se pueden realizar desde el 18 al 23 de septiembre<\/strong> inclusive, en el <a href=\"https:\/\/acortar.link\/IiXUXr\"><strong>siguiente formulario<\/strong><\/a>.<\/p>\n<p><strong>Organiza:<\/strong> Secretar\u00eda de Extensi\u00f3n de la Facultad de Derecho y Ciencias Sociales de la Universidad Nacional del Comahue. Aval FADECS Res. N\u00b0 0177\/24<\/p>\n<p>Se aclara que las becas estar\u00e1n sujetas a que los cursos se inicien con el cupo m\u00ednimo de inscriptos.<\/p>\n","protected":false},"excerpt":{"rendered":"<p>&nbsp; La Facultad de Derecho y Ciencias Sociales informa que se encuentran abiertas las inscripciones a becas para el Curso de Ense\u00f1anza en Lengua de Se\u00f1as Argentina. Niveles Inicial, Intermedio y Avanzado. La convocatoria solo estar\u00e1 destinada a estudiantes y trabajadoras\/es no docentes de la Facultad de Derecho y Cs. Sociales. Se otorgar\u00e1n 5 becas. [&hellip;]<\/p>\n","protected":false},"author":4,"featured_media":21979,"comment_status":"closed","ping_status":"closed","sticky":false,"template":"","format":"standard","meta":{"footnotes":""},"categories":[82,5],"tags":[],"class_list":["post-21978","post","type-post","status-publish","format-standard","has-post-thumbnail","hentry","category-lengua-de-senas-argentina","category-notifadecs"],"_links":{"self":[{"href":"https:\/\/fadeweb.uncoma.edu.ar\/index.php\/wp-json\/wp\/v2\/posts\/21978","targetHints":{"allow":["GET"]}}],"collection":[{"href":"https:\/\/fadeweb.uncoma.edu.ar\/index.php\/wp-json\/wp\/v2\/posts"}],"about":[{"href":"https:\/\/fadeweb.uncoma.edu.ar\/index.php\/wp-json\/wp\/v2\/types\/post"}],"author":[{"embeddable":true,"href":"https:\/\/fadeweb.uncoma.edu.ar\/index.php\/wp-json\/wp\/v2\/users\/4"}],"replies":[{"embeddable":true,"href":"https:\/\/fadeweb.uncoma.edu.ar\/index.php\/wp-json\/wp\/v2\/comments?post=21978"}],"version-history":[{"count":1,"href":"https:\/\/fadeweb.uncoma.edu.ar\/index.php\/wp-json\/wp\/v2\/posts\/21978\/revisions"}],"predecessor-version":[{"id":21980,"href":"https:\/\/fadeweb.uncoma.edu.ar\/index.php\/wp-json\/wp\/v2\/posts\/21978\/revisions\/21980"}],"wp:featuredmedia":[{"embeddable":true,"href":"https:\/\/fadeweb.uncoma.edu.ar\/index.php\/wp-json\/wp\/v2\/media\/21979"}],"wp:attachment":[{"href":"https:\/\/fadeweb.uncoma.edu.ar\/index.php\/wp-json\/wp\/v2\/media?parent=21978"}],"wp:term":[{"taxonomy":"category","embeddable":true,"href":"https:\/\/fadeweb.uncoma.edu.ar\/index.php\/wp-json\/wp\/v2\/categories?post=21978"},{"taxonomy":"post_tag","embeddable":true,"href":"https:\/\/fadeweb.uncoma.edu.ar\/index.php\/wp-json\/wp\/v2\/tags?post=21978"}],"curies":[{"name":"wp","href":"https:\/\/api.w.org\/{rel}","templated":true}]}}