{"id":21885,"date":"2024-09-11T13:20:08","date_gmt":"2024-09-11T16:20:08","guid":{"rendered":"https:\/\/fadeweb.uncoma.edu.ar\/?p=21885"},"modified":"2024-09-11T13:20:08","modified_gmt":"2024-09-11T16:20:08","slug":"trabajo-social-modulo-neuquen-presente-en-el-homenaje-a-noemi-labrune","status":"publish","type":"post","link":"https:\/\/fadeweb.uncoma.edu.ar\/index.php\/2024\/09\/11\/trabajo-social-modulo-neuquen-presente-en-el-homenaje-a-noemi-labrune\/","title":{"rendered":"TRABAJO SOCIAL M\u00d3DULO NEUQU\u00c9N PRESENTE EN EL HOMENAJE A NOEM\u00cd LABRUNE"},"content":{"rendered":"<p><img fetchpriority=\"high\" decoding=\"async\" class=\"alignnone wp-image-21886\" src=\"https:\/\/fadeweb.uncoma.edu.ar\/wp-content\/uploads\/2024\/09\/homenaje-a-noe-e1726071573174-1024x625.jpg\" alt=\"TRABAJO SOCIAL M\u00d3DULO NEUQU\u00c9N PRESENTE EN EL HOMENAJE A NOEM\u00cd LABRUNE\" width=\"600\" height=\"366\" srcset=\"https:\/\/fadeweb.uncoma.edu.ar\/wp-content\/uploads\/2024\/09\/homenaje-a-noe-e1726071573174-1024x625.jpg 1024w, https:\/\/fadeweb.uncoma.edu.ar\/wp-content\/uploads\/2024\/09\/homenaje-a-noe-e1726071573174-300x183.jpg 300w, https:\/\/fadeweb.uncoma.edu.ar\/wp-content\/uploads\/2024\/09\/homenaje-a-noe-e1726071573174-768x468.jpg 768w, https:\/\/fadeweb.uncoma.edu.ar\/wp-content\/uploads\/2024\/09\/homenaje-a-noe-e1726071573174-1536x937.jpg 1536w, https:\/\/fadeweb.uncoma.edu.ar\/wp-content\/uploads\/2024\/09\/homenaje-a-noe-e1726071573174.jpg 1600w\" sizes=\"(max-width: 600px) 100vw, 600px\" \/><\/p>\n<p>Trabajo Social M\u00f3dulo Neuqu\u00e9n presente en el Homenaje: \u201cNoem\u00ed Labrune: Pedagog\u00eda de la militancia\u201d, organizado por la UNCo y la APDH.<\/p>\n<p>El director del m\u00f3dulo Alejandro Goya Villagr\u00e1n y docentes del mismo participaron en la actividad en el Aula Magna la cual con gran convocatoria, se record\u00f3 con mensajes, videos y m\u00fasica a Labrune, fundadora de la APDH de Neuqu\u00e9n y R\u00edo Negro, y tambi\u00e9n a In\u00e9s Rigo de Ragni, una de las fundadoras de Madres de Plaza de Mayo del Alto Valle, recientemente fallecida.<\/p>\n<p>Se escucharon otros reconocimientos a la figura de Labrune, algunos grabados como el de Adolfo P\u00e9rez Ezquivel, premio Nobel de la Paz.<\/p>\n<p>Hubo m\u00fasica de la mano de Weway (Vencer\u00e1 en mapuzugun), un grupo conformado por Ivana Puel Catriel, Yuliana Nawel Paredes y Melisa Cabrapan Duarte. Y cerr\u00f3 el acto R\u00edo Jarana, un grupo musical de tambores integrado por mujeres<\/p>\n<p>Se proyectaron dos videos sobre la tarea realizada en defensa de los derechos humanos por Labrune, uno que forma parte de un proyecto de la APDH y otro de la UNCo.<\/p>\n<p>El director resalt\u00f3 que \u201cresulta imprescindible en \u00e9stos tiempos recordar y continuar trabajando en la pedagog\u00eda de la Memoria para el fortalecimiento del sistema democr\u00e1tico y la defensa de los derechos fundamentales\u201d.<\/p>\n","protected":false},"excerpt":{"rendered":"<p>Trabajo Social M\u00f3dulo Neuqu\u00e9n presente en el Homenaje: \u201cNoem\u00ed Labrune: Pedagog\u00eda de la militancia\u201d, organizado por la UNCo y la APDH. El director del m\u00f3dulo Alejandro Goya Villagr\u00e1n y docentes del mismo participaron en la actividad en el Aula Magna la cual con gran convocatoria, se record\u00f3 con mensajes, videos y m\u00fasica a Labrune, fundadora [&hellip;]<\/p>\n","protected":false},"author":4,"featured_media":21886,"comment_status":"closed","ping_status":"closed","sticky":false,"template":"","format":"standard","meta":{"footnotes":""},"categories":[5],"tags":[],"class_list":["post-21885","post","type-post","status-publish","format-standard","has-post-thumbnail","hentry","category-notifadecs"],"_links":{"self":[{"href":"https:\/\/fadeweb.uncoma.edu.ar\/index.php\/wp-json\/wp\/v2\/posts\/21885","targetHints":{"allow":["GET"]}}],"collection":[{"href":"https:\/\/fadeweb.uncoma.edu.ar\/index.php\/wp-json\/wp\/v2\/posts"}],"about":[{"href":"https:\/\/fadeweb.uncoma.edu.ar\/index.php\/wp-json\/wp\/v2\/types\/post"}],"author":[{"embeddable":true,"href":"https:\/\/fadeweb.uncoma.edu.ar\/index.php\/wp-json\/wp\/v2\/users\/4"}],"replies":[{"embeddable":true,"href":"https:\/\/fadeweb.uncoma.edu.ar\/index.php\/wp-json\/wp\/v2\/comments?post=21885"}],"version-history":[{"count":1,"href":"https:\/\/fadeweb.uncoma.edu.ar\/index.php\/wp-json\/wp\/v2\/posts\/21885\/revisions"}],"predecessor-version":[{"id":21887,"href":"https:\/\/fadeweb.uncoma.edu.ar\/index.php\/wp-json\/wp\/v2\/posts\/21885\/revisions\/21887"}],"wp:featuredmedia":[{"embeddable":true,"href":"https:\/\/fadeweb.uncoma.edu.ar\/index.php\/wp-json\/wp\/v2\/media\/21886"}],"wp:attachment":[{"href":"https:\/\/fadeweb.uncoma.edu.ar\/index.php\/wp-json\/wp\/v2\/media?parent=21885"}],"wp:term":[{"taxonomy":"category","embeddable":true,"href":"https:\/\/fadeweb.uncoma.edu.ar\/index.php\/wp-json\/wp\/v2\/categories?post=21885"},{"taxonomy":"post_tag","embeddable":true,"href":"https:\/\/fadeweb.uncoma.edu.ar\/index.php\/wp-json\/wp\/v2\/tags?post=21885"}],"curies":[{"name":"wp","href":"https:\/\/api.w.org\/{rel}","templated":true}]}}