{"id":21640,"date":"2024-08-23T13:49:14","date_gmt":"2024-08-23T16:49:14","guid":{"rendered":"https:\/\/fadeweb.uncoma.edu.ar\/?p=21640"},"modified":"2024-08-23T13:49:14","modified_gmt":"2024-08-23T16:49:14","slug":"especializacion-en-derecho-administrativo-cohorte-2024-2","status":"publish","type":"post","link":"https:\/\/fadeweb.uncoma.edu.ar\/index.php\/2024\/08\/23\/especializacion-en-derecho-administrativo-cohorte-2024-2\/","title":{"rendered":"ESPECIALIZACI\u00d3N EN DERECHO ADMINISTRATIVO \u2013 COHORTE 2024"},"content":{"rendered":"<p><img fetchpriority=\"high\" decoding=\"async\" class=\"alignnone wp-image-21519\" src=\"https:\/\/fadeweb.uncoma.edu.ar\/wp-content\/uploads\/2024\/08\/FLYER-ADMINISTRATIVO-1024x1024.jpeg\" alt=\"ESPECIALIZACI\u00d3N EN DERECHO ADMINISTRATIVO \u2013 COHORTE 2024\" width=\"600\" height=\"600\" srcset=\"https:\/\/fadeweb.uncoma.edu.ar\/wp-content\/uploads\/2024\/08\/FLYER-ADMINISTRATIVO-1024x1024.jpeg 1024w, https:\/\/fadeweb.uncoma.edu.ar\/wp-content\/uploads\/2024\/08\/FLYER-ADMINISTRATIVO-300x300.jpeg 300w, https:\/\/fadeweb.uncoma.edu.ar\/wp-content\/uploads\/2024\/08\/FLYER-ADMINISTRATIVO-150x150.jpeg 150w, https:\/\/fadeweb.uncoma.edu.ar\/wp-content\/uploads\/2024\/08\/FLYER-ADMINISTRATIVO-768x768.jpeg 768w, https:\/\/fadeweb.uncoma.edu.ar\/wp-content\/uploads\/2024\/08\/FLYER-ADMINISTRATIVO-1536x1536.jpeg 1536w, https:\/\/fadeweb.uncoma.edu.ar\/wp-content\/uploads\/2024\/08\/FLYER-ADMINISTRATIVO-2048x2048.jpeg 2048w\" sizes=\"(max-width: 600px) 100vw, 600px\" \/><\/p>\n<p><strong>Llamado a preinscripci\u00f3n \u2013 Cohorte 2024<\/strong><\/p>\n<p><strong>\u201cEspecializaci\u00f3n en Derecho Administrativo\u201d<\/strong><br \/>\nOrd. UNCo 394\/03 y modif. 964\/21, Res. CONEAU 826\/15(Acreditada y Categorizada B), Res. Min. 1150\/2017<\/p>\n<p>El Departamento de Posgrado informa que se encuentra abierta la PRE-INSCRIPCI\u00d3N 2024 para la carrera de posgrado \u201cESPECIALIZACI\u00d3N EN DERECHO ADMINISTRATIVO\u201d. El 10 de septiembre de 2024 se dar\u00e1 inicio al dictado de clases en el Colegio de Abogados y Procuradores de Neuqu\u00e9n. La apertura de la s\u00e9ptima Cohorte de la carrera se encuentra aprobada por la Res. Decanal FADECS 434\/24.<\/p>\n<p>Leer m\u00e1s <a href=\"https:\/\/posgradofadecs.uncoma.edu.ar\/novedades\/esp-derecho-administrativo-2024\/\">https:\/\/posgradofadecs.uncoma.edu.ar\/novedades\/esp-derecho-administrativo-2024\/<\/a><\/p>\n","protected":false},"excerpt":{"rendered":"<p>Llamado a preinscripci\u00f3n \u2013 Cohorte 2024 \u201cEspecializaci\u00f3n en Derecho Administrativo\u201d Ord. UNCo 394\/03 y modif. 964\/21, Res. CONEAU 826\/15(Acreditada y Categorizada B), Res. Min. 1150\/2017 El Departamento de Posgrado informa que se encuentra abierta la PRE-INSCRIPCI\u00d3N 2024 para la carrera de posgrado \u201cESPECIALIZACI\u00d3N EN DERECHO ADMINISTRATIVO\u201d. El 10 de septiembre de 2024 se dar\u00e1 inicio [&hellip;]<\/p>\n","protected":false},"author":4,"featured_media":21519,"comment_status":"closed","ping_status":"closed","sticky":false,"template":"","format":"standard","meta":{"footnotes":""},"categories":[5,78],"tags":[],"class_list":["post-21640","post","type-post","status-publish","format-standard","has-post-thumbnail","hentry","category-notifadecs","category-posgrado"],"_links":{"self":[{"href":"https:\/\/fadeweb.uncoma.edu.ar\/index.php\/wp-json\/wp\/v2\/posts\/21640","targetHints":{"allow":["GET"]}}],"collection":[{"href":"https:\/\/fadeweb.uncoma.edu.ar\/index.php\/wp-json\/wp\/v2\/posts"}],"about":[{"href":"https:\/\/fadeweb.uncoma.edu.ar\/index.php\/wp-json\/wp\/v2\/types\/post"}],"author":[{"embeddable":true,"href":"https:\/\/fadeweb.uncoma.edu.ar\/index.php\/wp-json\/wp\/v2\/users\/4"}],"replies":[{"embeddable":true,"href":"https:\/\/fadeweb.uncoma.edu.ar\/index.php\/wp-json\/wp\/v2\/comments?post=21640"}],"version-history":[{"count":1,"href":"https:\/\/fadeweb.uncoma.edu.ar\/index.php\/wp-json\/wp\/v2\/posts\/21640\/revisions"}],"predecessor-version":[{"id":21641,"href":"https:\/\/fadeweb.uncoma.edu.ar\/index.php\/wp-json\/wp\/v2\/posts\/21640\/revisions\/21641"}],"wp:featuredmedia":[{"embeddable":true,"href":"https:\/\/fadeweb.uncoma.edu.ar\/index.php\/wp-json\/wp\/v2\/media\/21519"}],"wp:attachment":[{"href":"https:\/\/fadeweb.uncoma.edu.ar\/index.php\/wp-json\/wp\/v2\/media?parent=21640"}],"wp:term":[{"taxonomy":"category","embeddable":true,"href":"https:\/\/fadeweb.uncoma.edu.ar\/index.php\/wp-json\/wp\/v2\/categories?post=21640"},{"taxonomy":"post_tag","embeddable":true,"href":"https:\/\/fadeweb.uncoma.edu.ar\/index.php\/wp-json\/wp\/v2\/tags?post=21640"}],"curies":[{"name":"wp","href":"https:\/\/api.w.org\/{rel}","templated":true}]}}