{"id":21617,"date":"2024-08-22T08:32:42","date_gmt":"2024-08-22T11:32:42","guid":{"rendered":"https:\/\/fadeweb.uncoma.edu.ar\/?p=21617"},"modified":"2024-08-22T08:39:10","modified_gmt":"2024-08-22T11:39:10","slug":"derecho-constitucional-i-acta-de-evaluacion","status":"publish","type":"post","link":"https:\/\/fadeweb.uncoma.edu.ar\/index.php\/2024\/08\/22\/derecho-constitucional-i-acta-de-evaluacion\/","title":{"rendered":"DERECHO CONSTITUCIONAL I: ACTA DE EVALUACI\u00d3N"},"content":{"rendered":"<p><img fetchpriority=\"high\" decoding=\"async\" class=\"alignnone wp-image-9255\" src=\"https:\/\/fadeweb.uncoma.edu.ar\/wp-content\/uploads\/2022\/10\/Concursos-FADECS-1.jpeg\" alt=\"CONCURSO P\" width=\"600\" height=\"600\" srcset=\"https:\/\/fadeweb.uncoma.edu.ar\/wp-content\/uploads\/2022\/10\/Concursos-FADECS-1.jpeg 800w, https:\/\/fadeweb.uncoma.edu.ar\/wp-content\/uploads\/2022\/10\/Concursos-FADECS-1-300x300.jpeg 300w, https:\/\/fadeweb.uncoma.edu.ar\/wp-content\/uploads\/2022\/10\/Concursos-FADECS-1-150x150.jpeg 150w, https:\/\/fadeweb.uncoma.edu.ar\/wp-content\/uploads\/2022\/10\/Concursos-FADECS-1-768x768.jpeg 768w\" sizes=\"(max-width: 600px) 100vw, 600px\" \/><\/p>\n<p><span style=\"font-weight: 400;\">Acta de Evaluaci\u00f3n\u00a0 correspondiente al concurso aprobado por Resoluci\u00f3n N\u00ba070\/2024-CD-FDCS para la provisi\u00f3n de un (1) cargo de Ayudante de Primera Interino\/a con dedicaci\u00f3n Simple para desempe\u00f1arse en la asignatura \u00abDerecho Constitucional I\u00bb, perteneciente al \u00c1rea: Derecho Pol\u00edtico, Orientaci\u00f3n: Derecho Constitucional, del Departamento de Derecho P\u00fablico de la carrera de Abogac\u00eda.<\/span><\/p>\n<p><a href=\"https:\/\/fadeweb.uncoma.edu.ar\/wp-content\/uploads\/2024\/08\/ACTA-CONCURSO-CARGO-AYP-3-DERECHO-CONSTITUCIONAL-I.pdf\">ACTA CONCURSO CARGO AYP 3 DERECHO CONSTITUCIONAL I<\/a><\/p>\n","protected":false},"excerpt":{"rendered":"<p>Acta de Evaluaci\u00f3n\u00a0 correspondiente al concurso aprobado por Resoluci\u00f3n N\u00ba070\/2024-CD-FDCS para la provisi\u00f3n de un (1) cargo de Ayudante de Primera Interino\/a con dedicaci\u00f3n Simple para desempe\u00f1arse en la asignatura \u00abDerecho Constitucional I\u00bb, perteneciente al \u00c1rea: Derecho Pol\u00edtico, Orientaci\u00f3n: Derecho Constitucional, del Departamento de Derecho P\u00fablico de la carrera de Abogac\u00eda. ACTA CONCURSO CARGO AYP [&hellip;]<\/p>\n","protected":false},"author":4,"featured_media":9255,"comment_status":"closed","ping_status":"closed","sticky":false,"template":"","format":"standard","meta":{"footnotes":""},"categories":[3,5],"tags":[],"class_list":["post-21617","post","type-post","status-publish","format-standard","has-post-thumbnail","hentry","category-concursos","category-notifadecs"],"_links":{"self":[{"href":"https:\/\/fadeweb.uncoma.edu.ar\/index.php\/wp-json\/wp\/v2\/posts\/21617","targetHints":{"allow":["GET"]}}],"collection":[{"href":"https:\/\/fadeweb.uncoma.edu.ar\/index.php\/wp-json\/wp\/v2\/posts"}],"about":[{"href":"https:\/\/fadeweb.uncoma.edu.ar\/index.php\/wp-json\/wp\/v2\/types\/post"}],"author":[{"embeddable":true,"href":"https:\/\/fadeweb.uncoma.edu.ar\/index.php\/wp-json\/wp\/v2\/users\/4"}],"replies":[{"embeddable":true,"href":"https:\/\/fadeweb.uncoma.edu.ar\/index.php\/wp-json\/wp\/v2\/comments?post=21617"}],"version-history":[{"count":1,"href":"https:\/\/fadeweb.uncoma.edu.ar\/index.php\/wp-json\/wp\/v2\/posts\/21617\/revisions"}],"predecessor-version":[{"id":21619,"href":"https:\/\/fadeweb.uncoma.edu.ar\/index.php\/wp-json\/wp\/v2\/posts\/21617\/revisions\/21619"}],"wp:featuredmedia":[{"embeddable":true,"href":"https:\/\/fadeweb.uncoma.edu.ar\/index.php\/wp-json\/wp\/v2\/media\/9255"}],"wp:attachment":[{"href":"https:\/\/fadeweb.uncoma.edu.ar\/index.php\/wp-json\/wp\/v2\/media?parent=21617"}],"wp:term":[{"taxonomy":"category","embeddable":true,"href":"https:\/\/fadeweb.uncoma.edu.ar\/index.php\/wp-json\/wp\/v2\/categories?post=21617"},{"taxonomy":"post_tag","embeddable":true,"href":"https:\/\/fadeweb.uncoma.edu.ar\/index.php\/wp-json\/wp\/v2\/tags?post=21617"}],"curies":[{"name":"wp","href":"https:\/\/api.w.org\/{rel}","templated":true}]}}