{"id":21507,"date":"2024-08-08T11:05:44","date_gmt":"2024-08-08T14:05:44","guid":{"rendered":"https:\/\/fadeweb.uncoma.edu.ar\/?p=21507"},"modified":"2024-08-08T11:05:44","modified_gmt":"2024-08-08T14:05:44","slug":"capacitacion-sobre-herramientas-de-aprendizaje-2","status":"publish","type":"post","link":"https:\/\/fadeweb.uncoma.edu.ar\/index.php\/2024\/08\/08\/capacitacion-sobre-herramientas-de-aprendizaje-2\/","title":{"rendered":"CAPACITACI\u00d3N SOBRE HERRAMIENTAS DE APRENDIZAJE"},"content":{"rendered":"<p><img fetchpriority=\"high\" decoding=\"async\" class=\"alignnone wp-image-21508\" src=\"https:\/\/fadeweb.uncoma.edu.ar\/wp-content\/uploads\/2024\/08\/capacitacion-19-723x1024.jpg\" alt=\"CAPACITACI\u00d3N SOBRE HERRAMIENTAS DE APRENDIZAJE\n\" width=\"600\" height=\"850\" srcset=\"https:\/\/fadeweb.uncoma.edu.ar\/wp-content\/uploads\/2024\/08\/capacitacion-19-723x1024.jpg 723w, https:\/\/fadeweb.uncoma.edu.ar\/wp-content\/uploads\/2024\/08\/capacitacion-19-212x300.jpg 212w, https:\/\/fadeweb.uncoma.edu.ar\/wp-content\/uploads\/2024\/08\/capacitacion-19-768x1087.jpg 768w, https:\/\/fadeweb.uncoma.edu.ar\/wp-content\/uploads\/2024\/08\/capacitacion-19.jpg 904w\" sizes=\"(max-width: 600px) 100vw, 600px\" \/><br \/>\nLa Secretar\u00eda Acad\u00e9mica, a trav\u00e9s de su \u00e1rea de Orientaci\u00f3n Acad\u00e9mica, invita a docentes de primer a\u00f1o de todas las carreras de la FADECS que deseen adquirir herramientas para propiciar el aprendizaje en las disciplinas. Por un lado, propondremos la reflexi\u00f3n sobre las consignas de lectura y producci\u00f3n textual, como enunciados clave en la construcci\u00f3n de saberes por parte de los estudiantes.<\/p>\n<p>Por otro, presentaremos dos g\u00e9neros discursivos de formaci\u00f3n que pueden colaborar con el aprendizaje por parte de los ingresantes al nivel superior, de las formas de abordar los materiales de estudio. La capacitaci\u00f3n se encuentra a cargo de la docente Roxana Mu\u00f1oz, de manera presencial, <strong>y se reprogram\u00f3 para el lunes 19 de agosto<\/strong> de 14 a 16 y el lunes 26 de agosto de 2024 de 14 a 16.<\/p>\n","protected":false},"excerpt":{"rendered":"<p>La Secretar\u00eda Acad\u00e9mica, a trav\u00e9s de su \u00e1rea de Orientaci\u00f3n Acad\u00e9mica, invita a docentes de primer a\u00f1o de todas las carreras de la FADECS que deseen adquirir herramientas para propiciar el aprendizaje en las disciplinas. Por un lado, propondremos la reflexi\u00f3n sobre las consignas de lectura y producci\u00f3n textual, como enunciados clave en la construcci\u00f3n [&hellip;]<\/p>\n","protected":false},"author":4,"featured_media":21508,"comment_status":"closed","ping_status":"closed","sticky":false,"template":"","format":"standard","meta":{"footnotes":""},"categories":[5],"tags":[],"class_list":["post-21507","post","type-post","status-publish","format-standard","has-post-thumbnail","hentry","category-notifadecs"],"_links":{"self":[{"href":"https:\/\/fadeweb.uncoma.edu.ar\/index.php\/wp-json\/wp\/v2\/posts\/21507","targetHints":{"allow":["GET"]}}],"collection":[{"href":"https:\/\/fadeweb.uncoma.edu.ar\/index.php\/wp-json\/wp\/v2\/posts"}],"about":[{"href":"https:\/\/fadeweb.uncoma.edu.ar\/index.php\/wp-json\/wp\/v2\/types\/post"}],"author":[{"embeddable":true,"href":"https:\/\/fadeweb.uncoma.edu.ar\/index.php\/wp-json\/wp\/v2\/users\/4"}],"replies":[{"embeddable":true,"href":"https:\/\/fadeweb.uncoma.edu.ar\/index.php\/wp-json\/wp\/v2\/comments?post=21507"}],"version-history":[{"count":1,"href":"https:\/\/fadeweb.uncoma.edu.ar\/index.php\/wp-json\/wp\/v2\/posts\/21507\/revisions"}],"predecessor-version":[{"id":21509,"href":"https:\/\/fadeweb.uncoma.edu.ar\/index.php\/wp-json\/wp\/v2\/posts\/21507\/revisions\/21509"}],"wp:featuredmedia":[{"embeddable":true,"href":"https:\/\/fadeweb.uncoma.edu.ar\/index.php\/wp-json\/wp\/v2\/media\/21508"}],"wp:attachment":[{"href":"https:\/\/fadeweb.uncoma.edu.ar\/index.php\/wp-json\/wp\/v2\/media?parent=21507"}],"wp:term":[{"taxonomy":"category","embeddable":true,"href":"https:\/\/fadeweb.uncoma.edu.ar\/index.php\/wp-json\/wp\/v2\/categories?post=21507"},{"taxonomy":"post_tag","embeddable":true,"href":"https:\/\/fadeweb.uncoma.edu.ar\/index.php\/wp-json\/wp\/v2\/tags?post=21507"}],"curies":[{"name":"wp","href":"https:\/\/api.w.org\/{rel}","templated":true}]}}