{"id":21467,"date":"2024-08-06T12:04:54","date_gmt":"2024-08-06T15:04:54","guid":{"rendered":"https:\/\/fadeweb.uncoma.edu.ar\/?p=21467"},"modified":"2024-08-06T12:09:59","modified_gmt":"2024-08-06T15:09:59","slug":"21467","status":"publish","type":"post","link":"https:\/\/fadeweb.uncoma.edu.ar\/index.php\/2024\/08\/06\/21467\/","title":{"rendered":"NUEVA EDICI\u00d3N DE LA DIPLOMATURA \u00abLA CIUDAD DE LAS NI\u00d1AS Y LOS NI\u00d1OS\u00bb"},"content":{"rendered":"<p><img fetchpriority=\"high\" decoding=\"async\" class=\"alignnone wp-image-21468\" src=\"https:\/\/fadeweb.uncoma.edu.ar\/wp-content\/uploads\/2024\/08\/Reunion-diplo-tinucci-2-1024x653.jpg\" alt=\"NUEVA EDICI\u00d3N DE LA DIPLOMATURA &quot;LA CIUDAD DE LAS NI\u00d1AS Y LOS NI\u00d1OS&quot;\" width=\"600\" height=\"382\" srcset=\"https:\/\/fadeweb.uncoma.edu.ar\/wp-content\/uploads\/2024\/08\/Reunion-diplo-tinucci-2-1024x653.jpg 1024w, https:\/\/fadeweb.uncoma.edu.ar\/wp-content\/uploads\/2024\/08\/Reunion-diplo-tinucci-2-300x191.jpg 300w, https:\/\/fadeweb.uncoma.edu.ar\/wp-content\/uploads\/2024\/08\/Reunion-diplo-tinucci-2-768x490.jpg 768w, https:\/\/fadeweb.uncoma.edu.ar\/wp-content\/uploads\/2024\/08\/Reunion-diplo-tinucci-2.jpg 1172w\" sizes=\"(max-width: 600px) 100vw, 600px\" \/><\/p>\n<p>Nos complace anunciar la apertura de una nueva edici\u00f3n de la Diplomatura \u00abLa Ciudad de las Ni\u00f1as y los Ni\u00f1os\u00bb, organizada por la Secretar\u00eda de Extensi\u00f3n de la Facultad de Derecho y Ciencias Sociales de la UNCo y la Asociaci\u00f3n de Francesco Tonucci en colaboraci\u00f3n con la Defensor\u00eda de los Derechos de las Ni\u00f1as, Ni\u00f1os y Adolescentes de Argentina.<\/p>\n<p>Esta diplomatura, inspirada en el proyecto de Francesco Tonucci, busca crear un espacio de formaci\u00f3n y acompa\u00f1amiento para poner a los ni\u00f1os en el centro de las decisiones pol\u00edticas urbanas. Como dice Tonucci: \u00abSi una ciudad es buena para los ni\u00f1os, ser\u00e1 una buena ciudad para todos\u00bb.<\/p>\n<p>Esta es la tercera edici\u00f3n a nivel nacional, sum\u00e1ndose a las ediciones anteriores en Neuqu\u00e9n, Argentina e Iberoam\u00e9rica. Este esfuerzo conjunto refleja nuestro compromiso con los derechos de las ni\u00f1as, ni\u00f1os y adolescentes.<\/p>\n<p>Felicitamos a las y los estudiantes de nuestra Facultad que han resultado becados por la Secretar\u00eda de Extensi\u00f3n para poder realizar esta diplomatura de extensi\u00f3n:<\/p>\n<p><strong>Servicio Social<br \/>\n<\/strong>Ludmila G\u00f3mez<br \/>\nAna Gaynor<br \/>\nGiuliana Garc\u00eda Torre<br \/>\nDiego Agust\u00edn S\u00e1nchez<br \/>\nAzul Abigail Arraztoa Araya<br \/>\nKaren Sabrina Sandoval<\/p>\n<p><strong>Abogac\u00eda<\/strong><br \/>\nSuellen Giaccio Manjon<br \/>\nFlorencia \u00c1lvarez<br \/>\nRamiro Zapana Aguilar<br \/>\nMarianela Mabel Manrique<\/p>\n","protected":false},"excerpt":{"rendered":"<p>Nos complace anunciar la apertura de una nueva edici\u00f3n de la Diplomatura \u00abLa Ciudad de las Ni\u00f1as y los Ni\u00f1os\u00bb, organizada por la Secretar\u00eda de Extensi\u00f3n de la Facultad de Derecho y Ciencias Sociales de la UNCo y la Asociaci\u00f3n de Francesco Tonucci en colaboraci\u00f3n con la Defensor\u00eda de los Derechos de las Ni\u00f1as, Ni\u00f1os [&hellip;]<\/p>\n","protected":false},"author":4,"featured_media":21468,"comment_status":"closed","ping_status":"closed","sticky":false,"template":"","format":"standard","meta":{"footnotes":""},"categories":[69,5],"tags":[],"class_list":["post-21467","post","type-post","status-publish","format-standard","has-post-thumbnail","hentry","category-la-ciudad-de-las-ninas-y-los-ninos","category-notifadecs"],"_links":{"self":[{"href":"https:\/\/fadeweb.uncoma.edu.ar\/index.php\/wp-json\/wp\/v2\/posts\/21467","targetHints":{"allow":["GET"]}}],"collection":[{"href":"https:\/\/fadeweb.uncoma.edu.ar\/index.php\/wp-json\/wp\/v2\/posts"}],"about":[{"href":"https:\/\/fadeweb.uncoma.edu.ar\/index.php\/wp-json\/wp\/v2\/types\/post"}],"author":[{"embeddable":true,"href":"https:\/\/fadeweb.uncoma.edu.ar\/index.php\/wp-json\/wp\/v2\/users\/4"}],"replies":[{"embeddable":true,"href":"https:\/\/fadeweb.uncoma.edu.ar\/index.php\/wp-json\/wp\/v2\/comments?post=21467"}],"version-history":[{"count":2,"href":"https:\/\/fadeweb.uncoma.edu.ar\/index.php\/wp-json\/wp\/v2\/posts\/21467\/revisions"}],"predecessor-version":[{"id":21470,"href":"https:\/\/fadeweb.uncoma.edu.ar\/index.php\/wp-json\/wp\/v2\/posts\/21467\/revisions\/21470"}],"wp:featuredmedia":[{"embeddable":true,"href":"https:\/\/fadeweb.uncoma.edu.ar\/index.php\/wp-json\/wp\/v2\/media\/21468"}],"wp:attachment":[{"href":"https:\/\/fadeweb.uncoma.edu.ar\/index.php\/wp-json\/wp\/v2\/media?parent=21467"}],"wp:term":[{"taxonomy":"category","embeddable":true,"href":"https:\/\/fadeweb.uncoma.edu.ar\/index.php\/wp-json\/wp\/v2\/categories?post=21467"},{"taxonomy":"post_tag","embeddable":true,"href":"https:\/\/fadeweb.uncoma.edu.ar\/index.php\/wp-json\/wp\/v2\/tags?post=21467"}],"curies":[{"name":"wp","href":"https:\/\/api.w.org\/{rel}","templated":true}]}}