{"id":21218,"date":"2024-06-26T14:25:22","date_gmt":"2024-06-26T17:25:22","guid":{"rendered":"https:\/\/fadeweb.uncoma.edu.ar\/?p=21218"},"modified":"2024-07-05T13:28:28","modified_gmt":"2024-07-05T16:28:28","slug":"la-fadecs-y-el-ministerio-de-seguridad-neuquino-firman-convenio-para-la-realizacion-de-practicas-pre-profesionales","status":"publish","type":"post","link":"https:\/\/fadeweb.uncoma.edu.ar\/index.php\/2024\/06\/26\/la-fadecs-y-el-ministerio-de-seguridad-neuquino-firman-convenio-para-la-realizacion-de-practicas-pre-profesionales\/","title":{"rendered":"LA FADECS Y EL MINISTERIO DE SEGURIDAD NEUQUINO FIRMAN CONVENIO PARA LA REALIZACI\u00d3N DE PR\u00c1CTICAS PRE-PROFESIONALES"},"content":{"rendered":"<p><img fetchpriority=\"high\" decoding=\"async\" class=\"alignnone wp-image-21219\" src=\"https:\/\/fadeweb.uncoma.edu.ar\/wp-content\/uploads\/2024\/06\/LA-FADECS-Y-EL-MINISTERIO-DE-SEGURIDAD-NEUQUINO-FIRMAN-CONVENIO-PARA-LA-REALIZACION-DE-PRACTICAS-PRE-PROFESIONALES-1024x768.jpg\" alt=\"LA FADECS Y EL MINISTERIO DE SEGURIDAD NEUQUINO FIRMAN CONVENIO PARA LA REALIZACI\u00d3N DE PR\u00c1CTICAS PRE-PROFESIONALES\" width=\"600\" height=\"450\" srcset=\"https:\/\/fadeweb.uncoma.edu.ar\/wp-content\/uploads\/2024\/06\/LA-FADECS-Y-EL-MINISTERIO-DE-SEGURIDAD-NEUQUINO-FIRMAN-CONVENIO-PARA-LA-REALIZACION-DE-PRACTICAS-PRE-PROFESIONALES-1024x768.jpg 1024w, https:\/\/fadeweb.uncoma.edu.ar\/wp-content\/uploads\/2024\/06\/LA-FADECS-Y-EL-MINISTERIO-DE-SEGURIDAD-NEUQUINO-FIRMAN-CONVENIO-PARA-LA-REALIZACION-DE-PRACTICAS-PRE-PROFESIONALES-300x225.jpg 300w, https:\/\/fadeweb.uncoma.edu.ar\/wp-content\/uploads\/2024\/06\/LA-FADECS-Y-EL-MINISTERIO-DE-SEGURIDAD-NEUQUINO-FIRMAN-CONVENIO-PARA-LA-REALIZACION-DE-PRACTICAS-PRE-PROFESIONALES-768x576.jpg 768w, https:\/\/fadeweb.uncoma.edu.ar\/wp-content\/uploads\/2024\/06\/LA-FADECS-Y-EL-MINISTERIO-DE-SEGURIDAD-NEUQUINO-FIRMAN-CONVENIO-PARA-LA-REALIZACION-DE-PRACTICAS-PRE-PROFESIONALES.jpg 1280w\" sizes=\"(max-width: 600px) 100vw, 600px\" \/><\/p>\n<p>El decano de la FADECS Juan Carlos Fern\u00e1ndez y el ministro de Seguridad de la Provincia de Neuqu\u00e9n Mat\u00edas Eduardo Nicoli, firmaron un convenio marco de cooperaci\u00f3n para propulsar actividades acad\u00e9micas de investigaci\u00f3n, extensi\u00f3n, desarrollo y transferencia de tecnolog\u00eda vinculadas a la vida estudiantil en \u00e1reas de inter\u00e9s mutuo. En el encuentro realizado el mi\u00e9rcoles 19 de mayo se intercambiaron pareceres y se resalt\u00f3 la importancia del convenio, atendiendo a la necesidad de fortalecer lazos interinstitucionales.<\/p>\n<p>En ese contexto, el decano firm\u00f3 el acuerdo operativo espec\u00edfico con la Direcci\u00f3n Provincial de Poblaci\u00f3n Judicializada, dependiente del Ministerio de Seguridad de la Provincia de Neuqu\u00e9n, representada por la directora Natalia Vallejos. El acuerdo permite que las estudiantes de 5to a\u00f1o de la Carrera de Trabajo Social, Sol Mar\u00eda Lihuen Saez y Agustina Liseth Salamida Jara, realicen su pr\u00e1ctica de residencia pre-profesional en dicha direcci\u00f3n.<\/p>\n<p>En el plan de estudios vigente de la Carrera de Servicio Social, la Pr\u00e1ctica de Residencia Institucional est\u00e1 ubicada en el quinto a\u00f1o de la carrera y tiene como prop\u00f3sito que las estudiantes obtengan una orientaci\u00f3n espec\u00edfica en un campo de actuaci\u00f3n profesional. Este proceso de formaci\u00f3n pre-profesional es acompa\u00f1ado por las referentes institucionales profesionales del Trabajo Social, designadas por la Direcci\u00f3n de Poblaci\u00f3n Judicializada, Natalia Vallejos y Rosmeri Ibarra y supervisado pedag\u00f3gicamente por los y las profesores\/as Cristian G\u00f3mez y Magali Zanini, que integran la c\u00e1tedra.<\/p>\n","protected":false},"excerpt":{"rendered":"<p>El decano de la FADECS Juan Carlos Fern\u00e1ndez y el ministro de Seguridad de la Provincia de Neuqu\u00e9n Mat\u00edas Eduardo Nicoli, firmaron un convenio marco de cooperaci\u00f3n para propulsar actividades acad\u00e9micas de investigaci\u00f3n, extensi\u00f3n, desarrollo y transferencia de tecnolog\u00eda vinculadas a la vida estudiantil en \u00e1reas de inter\u00e9s mutuo. En el encuentro realizado el mi\u00e9rcoles [&hellip;]<\/p>\n","protected":false},"author":4,"featured_media":21219,"comment_status":"closed","ping_status":"closed","sticky":false,"template":"","format":"standard","meta":{"footnotes":""},"categories":[5],"tags":[],"class_list":["post-21218","post","type-post","status-publish","format-standard","has-post-thumbnail","hentry","category-notifadecs"],"_links":{"self":[{"href":"https:\/\/fadeweb.uncoma.edu.ar\/index.php\/wp-json\/wp\/v2\/posts\/21218","targetHints":{"allow":["GET"]}}],"collection":[{"href":"https:\/\/fadeweb.uncoma.edu.ar\/index.php\/wp-json\/wp\/v2\/posts"}],"about":[{"href":"https:\/\/fadeweb.uncoma.edu.ar\/index.php\/wp-json\/wp\/v2\/types\/post"}],"author":[{"embeddable":true,"href":"https:\/\/fadeweb.uncoma.edu.ar\/index.php\/wp-json\/wp\/v2\/users\/4"}],"replies":[{"embeddable":true,"href":"https:\/\/fadeweb.uncoma.edu.ar\/index.php\/wp-json\/wp\/v2\/comments?post=21218"}],"version-history":[{"count":1,"href":"https:\/\/fadeweb.uncoma.edu.ar\/index.php\/wp-json\/wp\/v2\/posts\/21218\/revisions"}],"predecessor-version":[{"id":21220,"href":"https:\/\/fadeweb.uncoma.edu.ar\/index.php\/wp-json\/wp\/v2\/posts\/21218\/revisions\/21220"}],"wp:featuredmedia":[{"embeddable":true,"href":"https:\/\/fadeweb.uncoma.edu.ar\/index.php\/wp-json\/wp\/v2\/media\/21219"}],"wp:attachment":[{"href":"https:\/\/fadeweb.uncoma.edu.ar\/index.php\/wp-json\/wp\/v2\/media?parent=21218"}],"wp:term":[{"taxonomy":"category","embeddable":true,"href":"https:\/\/fadeweb.uncoma.edu.ar\/index.php\/wp-json\/wp\/v2\/categories?post=21218"},{"taxonomy":"post_tag","embeddable":true,"href":"https:\/\/fadeweb.uncoma.edu.ar\/index.php\/wp-json\/wp\/v2\/tags?post=21218"}],"curies":[{"name":"wp","href":"https:\/\/api.w.org\/{rel}","templated":true}]}}