{"id":21179,"date":"2024-06-19T14:04:50","date_gmt":"2024-06-19T17:04:50","guid":{"rendered":"https:\/\/fadeweb.uncoma.edu.ar\/?p=21179"},"modified":"2024-12-11T11:47:38","modified_gmt":"2024-12-11T14:47:38","slug":"literatura-periodismo-y-memoria-entrevista-colectiva-a-raquel-robles","status":"publish","type":"post","link":"https:\/\/fadeweb.uncoma.edu.ar\/index.php\/2024\/06\/19\/literatura-periodismo-y-memoria-entrevista-colectiva-a-raquel-robles\/","title":{"rendered":"LITERATURA, PERIODISMO Y MEMORIA: ENTREVISTA COLECTIVA A RAQUEL ROBLES"},"content":{"rendered":"<p><img fetchpriority=\"high\" decoding=\"async\" class=\"alignnone wp-image-21180\" src=\"https:\/\/fadeweb.uncoma.edu.ar\/wp-content\/uploads\/2024\/06\/ENTREVISTA-1024x1024.jpg\" alt=\"LITERATURA, PERIODISMO Y MEMORIA: ENTREVISTA COLECTIVA A RAQUEL ROBLES\" width=\"600\" height=\"600\" srcset=\"https:\/\/fadeweb.uncoma.edu.ar\/wp-content\/uploads\/2024\/06\/ENTREVISTA-1024x1024.jpg 1024w, https:\/\/fadeweb.uncoma.edu.ar\/wp-content\/uploads\/2024\/06\/ENTREVISTA-300x300.jpg 300w, https:\/\/fadeweb.uncoma.edu.ar\/wp-content\/uploads\/2024\/06\/ENTREVISTA-150x150.jpg 150w, https:\/\/fadeweb.uncoma.edu.ar\/wp-content\/uploads\/2024\/06\/ENTREVISTA-768x768.jpg 768w, https:\/\/fadeweb.uncoma.edu.ar\/wp-content\/uploads\/2024\/06\/ENTREVISTA.jpg 1080w\" sizes=\"(max-width: 600px) 100vw, 600px\" \/><\/p>\n<p>La reconocida escritora, periodista y educadora, visitar\u00e1 la Facultad de Derecho y Ciencias Sociales de la UNCo el pr\u00f3ximo<strong> jueves 27 de junio.<\/strong><\/p>\n<p>Bajo el formato de entrevista colectiva, Raquel Robles conversar\u00e1 sobre su producci\u00f3n literaria y period\u00edstica y presentar\u00e1 el Podcast (audiolibro) de \u201cPeque\u00f1os combatientes\u201d, una de sus novelas.<\/p>\n<p>La actividad, de car\u00e1cter libre y gratuita, se realizar\u00e1 <strong>a las 18 en el aula 1<\/strong> de la Facultad de Derecho y Ciencias Sociales de la UNCo y, para quienes se conecten en forma virtual, <strong>a trav\u00e9s de la plataforma Google Meet.<\/strong><\/p>\n<p>Es abierta a toda la comunidad y est\u00e1 organizada por la Diplomatura en Periodismo de cultura y espect\u00e1culos, de la FADECS, y la Uni\u00f3n de Trabajadoras y Trabajadores de la Educaci\u00f3n de R\u00edo Negro (UnTER).<\/p>\n<p>Tambi\u00e9n habr\u00e1 mesa de exposici\u00f3n y venta de los libros de la autora.<\/p>\n<p>Robles ha publicado las novelas Perder (2008), La dieta de las malas noticias (2012), Peque\u00f1os combatientes (2013), Pap\u00e1 ha muerto (2018), Hasta que mueras (2019) y La \u00faltima lectora (2020).<\/p>\n<p>La visita de la autora a la regi\u00f3n se desarrolla en el marco del Congreso \u201cEducaci\u00f3n y Derechos Humanos como herramienta para la transformaci\u00f3n social\u201d, que organiza la UnTER por el 50 aniversario del sindicato.<\/p>\n","protected":false},"excerpt":{"rendered":"<p>La reconocida escritora, periodista y educadora, visitar\u00e1 la Facultad de Derecho y Ciencias Sociales de la UNCo el pr\u00f3ximo jueves 27 de junio. Bajo el formato de entrevista colectiva, Raquel Robles conversar\u00e1 sobre su producci\u00f3n literaria y period\u00edstica y presentar\u00e1 el Podcast (audiolibro) de \u201cPeque\u00f1os combatientes\u201d, una de sus novelas. La actividad, de car\u00e1cter libre [&hellip;]<\/p>\n","protected":false},"author":4,"featured_media":21180,"comment_status":"closed","ping_status":"closed","sticky":false,"template":"","format":"standard","meta":{"footnotes":""},"categories":[107,5],"tags":[],"class_list":["post-21179","post","type-post","status-publish","format-standard","has-post-thumbnail","hentry","category-diplomatura-en-periodismo-de-cultura-y-espectaculos","category-notifadecs"],"_links":{"self":[{"href":"https:\/\/fadeweb.uncoma.edu.ar\/index.php\/wp-json\/wp\/v2\/posts\/21179","targetHints":{"allow":["GET"]}}],"collection":[{"href":"https:\/\/fadeweb.uncoma.edu.ar\/index.php\/wp-json\/wp\/v2\/posts"}],"about":[{"href":"https:\/\/fadeweb.uncoma.edu.ar\/index.php\/wp-json\/wp\/v2\/types\/post"}],"author":[{"embeddable":true,"href":"https:\/\/fadeweb.uncoma.edu.ar\/index.php\/wp-json\/wp\/v2\/users\/4"}],"replies":[{"embeddable":true,"href":"https:\/\/fadeweb.uncoma.edu.ar\/index.php\/wp-json\/wp\/v2\/comments?post=21179"}],"version-history":[{"count":3,"href":"https:\/\/fadeweb.uncoma.edu.ar\/index.php\/wp-json\/wp\/v2\/posts\/21179\/revisions"}],"predecessor-version":[{"id":21183,"href":"https:\/\/fadeweb.uncoma.edu.ar\/index.php\/wp-json\/wp\/v2\/posts\/21179\/revisions\/21183"}],"wp:featuredmedia":[{"embeddable":true,"href":"https:\/\/fadeweb.uncoma.edu.ar\/index.php\/wp-json\/wp\/v2\/media\/21180"}],"wp:attachment":[{"href":"https:\/\/fadeweb.uncoma.edu.ar\/index.php\/wp-json\/wp\/v2\/media?parent=21179"}],"wp:term":[{"taxonomy":"category","embeddable":true,"href":"https:\/\/fadeweb.uncoma.edu.ar\/index.php\/wp-json\/wp\/v2\/categories?post=21179"},{"taxonomy":"post_tag","embeddable":true,"href":"https:\/\/fadeweb.uncoma.edu.ar\/index.php\/wp-json\/wp\/v2\/tags?post=21179"}],"curies":[{"name":"wp","href":"https:\/\/api.w.org\/{rel}","templated":true}]}}