{"id":21176,"date":"2024-06-19T13:56:35","date_gmt":"2024-06-19T16:56:35","guid":{"rendered":"https:\/\/fadeweb.uncoma.edu.ar\/?p=21176"},"modified":"2024-06-19T13:56:35","modified_gmt":"2024-06-19T16:56:35","slug":"en-la-biblioteca-de-la-fadecs-se-construye-la-memoria","status":"publish","type":"post","link":"https:\/\/fadeweb.uncoma.edu.ar\/index.php\/2024\/06\/19\/en-la-biblioteca-de-la-fadecs-se-construye-la-memoria\/","title":{"rendered":"EN LA BIBLIOTECA DE LA FADECS SE CONSTRUYE LA MEMORIA"},"content":{"rendered":"<p><img fetchpriority=\"high\" decoding=\"async\" class=\"alignnone wp-image-21177\" src=\"https:\/\/fadeweb.uncoma.edu.ar\/wp-content\/uploads\/2024\/06\/biblioteca2-1024x768.jpg\" alt=\"EN LA BIBLIOTECA DE LA FADECS SE CONSTRUYE LA MEMORIA\" width=\"600\" height=\"450\" srcset=\"https:\/\/fadeweb.uncoma.edu.ar\/wp-content\/uploads\/2024\/06\/biblioteca2-1024x768.jpg 1024w, https:\/\/fadeweb.uncoma.edu.ar\/wp-content\/uploads\/2024\/06\/biblioteca2-300x225.jpg 300w, https:\/\/fadeweb.uncoma.edu.ar\/wp-content\/uploads\/2024\/06\/biblioteca2-768x576.jpg 768w, https:\/\/fadeweb.uncoma.edu.ar\/wp-content\/uploads\/2024\/06\/biblioteca2-1536x1152.jpg 1536w, https:\/\/fadeweb.uncoma.edu.ar\/wp-content\/uploads\/2024\/06\/biblioteca2.jpg 1600w\" sizes=\"(max-width: 600px) 100vw, 600px\" \/><\/p>\n<p>El Consejo Directivo de la Facultad de Derecho y Ciencias Sociales proclam\u00f3 a la Biblioteca Ernesto Sabato Miembro de la \u201cRed de Bibliotecas Casas de la Memoria por la Verdad y la Justicia\u201d (Resoluci\u00f3n N\u00ba 0024 del 29 de febrero pasado). El proyecto tuvo el impulso de Ver\u00f3nica Mercado, agente a cargo de la direcci\u00f3n de la Biblioteca de la facultad, a partir de una iniciativa de la Red por el derecho a la identidad.<\/p>\n<p>La iniciativa se enmarca en una propuesta de la Red por la Identidad y la Asociaci\u00f3n Abuelas de Plaza de Mayo con el objetivo de generar espacios que permitan ejercitar y mantener activa la memoria colectiva. Adem\u00e1s, en el a\u00f1o en que se conmemoran los primeros 40 a\u00f1os de democracia, se busca incentivar a toda la comunidad acad\u00e9mica a ser multiplicadores emp\u00edricos de memoria, bajo las consignas de \u201cprohibido olvidar\u201d y \u201cnunca m\u00e1s\u201d.<\/p>\n<p>\u00abEn marzo y abril de este a\u00f1o se realizaron las actividades previstas, en el marco del 24 de marzo, y entre ellas se llev\u00f3 a cabo el acto de inauguraci\u00f3n de la muestra bibliogr\u00e1fica y la proclamaci\u00f3n de la biblioteca como \u00abCasa de la memoria, la verdad y la justicia\u00bb, con la colocaci\u00f3n del cartel que nos identifica. En ese contexto, se recibi\u00f3 la visita del CECI (Centro Educativo Comunitario Infantil) del barrio 250 Viviendas de nuestra localidad\u00bb, dijo Mercado.<\/p>\n","protected":false},"excerpt":{"rendered":"<p>El Consejo Directivo de la Facultad de Derecho y Ciencias Sociales proclam\u00f3 a la Biblioteca Ernesto Sabato Miembro de la \u201cRed de Bibliotecas Casas de la Memoria por la Verdad y la Justicia\u201d (Resoluci\u00f3n N\u00ba 0024 del 29 de febrero pasado). El proyecto tuvo el impulso de Ver\u00f3nica Mercado, agente a cargo de la direcci\u00f3n [&hellip;]<\/p>\n","protected":false},"author":4,"featured_media":21177,"comment_status":"closed","ping_status":"closed","sticky":false,"template":"","format":"standard","meta":{"footnotes":""},"categories":[5],"tags":[],"class_list":["post-21176","post","type-post","status-publish","format-standard","has-post-thumbnail","hentry","category-notifadecs"],"_links":{"self":[{"href":"https:\/\/fadeweb.uncoma.edu.ar\/index.php\/wp-json\/wp\/v2\/posts\/21176","targetHints":{"allow":["GET"]}}],"collection":[{"href":"https:\/\/fadeweb.uncoma.edu.ar\/index.php\/wp-json\/wp\/v2\/posts"}],"about":[{"href":"https:\/\/fadeweb.uncoma.edu.ar\/index.php\/wp-json\/wp\/v2\/types\/post"}],"author":[{"embeddable":true,"href":"https:\/\/fadeweb.uncoma.edu.ar\/index.php\/wp-json\/wp\/v2\/users\/4"}],"replies":[{"embeddable":true,"href":"https:\/\/fadeweb.uncoma.edu.ar\/index.php\/wp-json\/wp\/v2\/comments?post=21176"}],"version-history":[{"count":1,"href":"https:\/\/fadeweb.uncoma.edu.ar\/index.php\/wp-json\/wp\/v2\/posts\/21176\/revisions"}],"predecessor-version":[{"id":21178,"href":"https:\/\/fadeweb.uncoma.edu.ar\/index.php\/wp-json\/wp\/v2\/posts\/21176\/revisions\/21178"}],"wp:featuredmedia":[{"embeddable":true,"href":"https:\/\/fadeweb.uncoma.edu.ar\/index.php\/wp-json\/wp\/v2\/media\/21177"}],"wp:attachment":[{"href":"https:\/\/fadeweb.uncoma.edu.ar\/index.php\/wp-json\/wp\/v2\/media?parent=21176"}],"wp:term":[{"taxonomy":"category","embeddable":true,"href":"https:\/\/fadeweb.uncoma.edu.ar\/index.php\/wp-json\/wp\/v2\/categories?post=21176"},{"taxonomy":"post_tag","embeddable":true,"href":"https:\/\/fadeweb.uncoma.edu.ar\/index.php\/wp-json\/wp\/v2\/tags?post=21176"}],"curies":[{"name":"wp","href":"https:\/\/api.w.org\/{rel}","templated":true}]}}