{"id":21168,"date":"2024-06-19T11:21:38","date_gmt":"2024-06-19T14:21:38","guid":{"rendered":"https:\/\/fadeweb.uncoma.edu.ar\/?p=21168"},"modified":"2024-06-19T11:21:38","modified_gmt":"2024-06-19T14:21:38","slug":"programa-move-la-america","status":"publish","type":"post","link":"https:\/\/fadeweb.uncoma.edu.ar\/index.php\/2024\/06\/19\/programa-move-la-america\/","title":{"rendered":"PROGRAMA MOVE LA AM\u00c9RICA"},"content":{"rendered":"<p><img fetchpriority=\"high\" decoding=\"async\" class=\"alignnone size-large wp-image-21169\" src=\"https:\/\/fadeweb.uncoma.edu.ar\/wp-content\/uploads\/2024\/06\/Folheto_MLA_espanhol-1024x723.jpg\" alt=\"PROGRAMA MOVE LA AM\u00c9RICA\n\nLa embajada de Brasil informa que fue publicado el llamado para la primera edici\u00f3n del Programa &quot;Move la Am\u00e9rica&quot;. Este programa, anunciado por la CAPES en marzo de este a\u00f1o, tiene como objetivo promover el intercambio acad\u00e9mico entre estudiantes de Am\u00e9rica Latina, el Caribe y Brasil y seleccionar\u00e1, en esta primera edici\u00f3n, hasta 500 estudiantes para los programas de Maestr\u00eda S\u00e1ndwich (hasta 300) y Doctorado S\u00e1ndwich (200) en instituciones brasile\u00f1as.\n\nEn el Programa \u201cMove la Am\u00e9rica\u201d, todas las becas son en modalidad &quot;s\u00e1ndwich&quot;, i.e., de intercambio con estudiantes matriculados en cursos de posgrado en otros pa\u00edses de Am\u00e9rica Latina y Caribe, con duraci\u00f3n m\u00e1xima de intercambio en Brasil de seis meses, en el caso de maestr\u00eda, y 12 meses, para doctorado. Los valores de las becas, mensuales, son de R$ 2.100,00 para maestreando y R$ 3.100,00 para doctorandos. El programa ofrecer\u00e1 tambi\u00e9n auxilio para la compra de pasajes a\u00e9reos, ayuda para la instalaci\u00f3n (con un valor de R$ 2.200,00) y seguro m\u00e9dico durante a permanencia del participante en Brasil. El per\u00edodo para presentar candidaturas ser\u00e1 del 19\/6 hasta el 10\/7.\n\nEl llamado completo se encuentra disponible en: https:\/\/gov.br\/mre\/pt-br\/embaixada-montevideu\/instituto-guimaraes-rosa-cultural\/cooperacion-educacional-pec-g-pec-pg\" width=\"800\" height=\"565\" srcset=\"https:\/\/fadeweb.uncoma.edu.ar\/wp-content\/uploads\/2024\/06\/Folheto_MLA_espanhol-1024x723.jpg 1024w, https:\/\/fadeweb.uncoma.edu.ar\/wp-content\/uploads\/2024\/06\/Folheto_MLA_espanhol-300x212.jpg 300w, https:\/\/fadeweb.uncoma.edu.ar\/wp-content\/uploads\/2024\/06\/Folheto_MLA_espanhol-768x542.jpg 768w, https:\/\/fadeweb.uncoma.edu.ar\/wp-content\/uploads\/2024\/06\/Folheto_MLA_espanhol.jpg 1280w\" sizes=\"(max-width: 800px) 100vw, 800px\" \/><\/p>\n<p>&nbsp;<\/p>\n<p>La embajada de Brasil informa que fue publicado el llamado para la primera edici\u00f3n del Programa \u00abMove la Am\u00e9rica\u00bb. Este programa, anunciado por la CAPES en marzo de este a\u00f1o, tiene como objetivo promover el intercambio acad\u00e9mico entre estudiantes de Am\u00e9rica Latina, el Caribe y Brasil y seleccionar\u00e1, en esta primera edici\u00f3n, hasta 500 estudiantes para los programas de Maestr\u00eda S\u00e1ndwich (hasta 300) y Doctorado S\u00e1ndwich (200) en instituciones brasile\u00f1as.<\/p>\n<p>En el Programa \u201cMove la Am\u00e9rica\u201d, todas las becas son en modalidad \u00abs\u00e1ndwich\u00bb, i.e., de intercambio con estudiantes matriculados en cursos de posgrado en otros pa\u00edses de Am\u00e9rica Latina y Caribe, con duraci\u00f3n m\u00e1xima de intercambio en Brasil de seis meses, en el caso de maestr\u00eda, y 12 meses, para doctorado. Los valores de las becas, mensuales, son de R$ 2.100,00 para maestreando y R$ 3.100,00 para doctorandos. El programa ofrecer\u00e1 tambi\u00e9n auxilio para la compra de pasajes a\u00e9reos, ayuda para la instalaci\u00f3n (con un valor de R$ 2.200,00) y seguro m\u00e9dico durante a permanencia del participante en Brasil. El per\u00edodo para presentar candidaturas ser\u00e1 del 19\/6 hasta el 10\/7.<\/p>\n<p>El llamado completo se encuentra disponible en: <a href=\"https:\/\/gov.br\/mre\/pt-br\/embaixada-montevideu\/instituto-guimaraes-rosa-cultural\/cooperacion-educacional-pec-g-pec-pg\">https:\/\/gov.br\/mre\/pt-br\/embaixada-montevideu\/instituto-guimaraes-rosa-cultural\/cooperacion-educacional-pec-g-pec-pg<\/a><\/p>\n","protected":false},"excerpt":{"rendered":"<p>&nbsp; La embajada de Brasil informa que fue publicado el llamado para la primera edici\u00f3n del Programa \u00abMove la Am\u00e9rica\u00bb. Este programa, anunciado por la CAPES en marzo de este a\u00f1o, tiene como objetivo promover el intercambio acad\u00e9mico entre estudiantes de Am\u00e9rica Latina, el Caribe y Brasil y seleccionar\u00e1, en esta primera edici\u00f3n, hasta 500 [&hellip;]<\/p>\n","protected":false},"author":4,"featured_media":21169,"comment_status":"closed","ping_status":"closed","sticky":false,"template":"","format":"standard","meta":{"footnotes":""},"categories":[5,76],"tags":[],"class_list":["post-21168","post","type-post","status-publish","format-standard","has-post-thumbnail","hentry","category-notifadecs","category-novedades-investigacion"],"_links":{"self":[{"href":"https:\/\/fadeweb.uncoma.edu.ar\/index.php\/wp-json\/wp\/v2\/posts\/21168","targetHints":{"allow":["GET"]}}],"collection":[{"href":"https:\/\/fadeweb.uncoma.edu.ar\/index.php\/wp-json\/wp\/v2\/posts"}],"about":[{"href":"https:\/\/fadeweb.uncoma.edu.ar\/index.php\/wp-json\/wp\/v2\/types\/post"}],"author":[{"embeddable":true,"href":"https:\/\/fadeweb.uncoma.edu.ar\/index.php\/wp-json\/wp\/v2\/users\/4"}],"replies":[{"embeddable":true,"href":"https:\/\/fadeweb.uncoma.edu.ar\/index.php\/wp-json\/wp\/v2\/comments?post=21168"}],"version-history":[{"count":1,"href":"https:\/\/fadeweb.uncoma.edu.ar\/index.php\/wp-json\/wp\/v2\/posts\/21168\/revisions"}],"predecessor-version":[{"id":21170,"href":"https:\/\/fadeweb.uncoma.edu.ar\/index.php\/wp-json\/wp\/v2\/posts\/21168\/revisions\/21170"}],"wp:featuredmedia":[{"embeddable":true,"href":"https:\/\/fadeweb.uncoma.edu.ar\/index.php\/wp-json\/wp\/v2\/media\/21169"}],"wp:attachment":[{"href":"https:\/\/fadeweb.uncoma.edu.ar\/index.php\/wp-json\/wp\/v2\/media?parent=21168"}],"wp:term":[{"taxonomy":"category","embeddable":true,"href":"https:\/\/fadeweb.uncoma.edu.ar\/index.php\/wp-json\/wp\/v2\/categories?post=21168"},{"taxonomy":"post_tag","embeddable":true,"href":"https:\/\/fadeweb.uncoma.edu.ar\/index.php\/wp-json\/wp\/v2\/tags?post=21168"}],"curies":[{"name":"wp","href":"https:\/\/api.w.org\/{rel}","templated":true}]}}