{"id":21127,"date":"2024-06-14T12:21:15","date_gmt":"2024-06-14T15:21:15","guid":{"rendered":"https:\/\/fadeweb.uncoma.edu.ar\/?p=21127"},"modified":"2024-06-14T12:21:15","modified_gmt":"2024-06-14T15:21:15","slug":"pronunciamiento-de-trabajo-social-modulos-neuquen-y-roca","status":"publish","type":"post","link":"https:\/\/fadeweb.uncoma.edu.ar\/index.php\/2024\/06\/14\/pronunciamiento-de-trabajo-social-modulos-neuquen-y-roca\/","title":{"rendered":"PRONUNCIAMIENTO DE TRABAJO SOCIAL, M\u00d3DULOS NEUQU\u00c9N Y ROCA"},"content":{"rendered":"<p><img fetchpriority=\"high\" decoding=\"async\" class=\"alignnone size-large wp-image-21128\" src=\"https:\/\/fadeweb.uncoma.edu.ar\/wp-content\/uploads\/2024\/06\/MODULOS-NEUQUEN-Y-ROCA2-1024x1024.jpg\" alt=\"PRONUNCIAMIENTO DE TRABAJO SOCIAL, M\u00d3DULOS NEUQU\u00c9N Y ROCA\n\nEl Departamento de Trabajo Social, m\u00f3dulo Neuqu\u00e9n y m\u00f3dulo Fiske Menuco- General Roca, dependiente de la Facultad de Derecho y Ciencias Sociales expresa su m\u00e1s firme repudio a la brutal represi\u00f3n implementada en el contexto de la movilizaci\u00f3n popular contra la ley bases que se trataba en el Senado. La represi\u00f3n se perpetr\u00f3 con el fin de expulsar del lugar a las trabajadoras y trabajadores que manifestaban en paz, ejerciendo el derecho constitucional a la protesta.\n\nEste acto es inaceptable en un sistema democr\u00e1tico porque atenta contra el Estado de Derecho y las libertades fundamentales. No podemos aceptar la naturalizaci\u00f3n del terror y la represi\u00f3n.\" width=\"800\" height=\"800\" srcset=\"https:\/\/fadeweb.uncoma.edu.ar\/wp-content\/uploads\/2024\/06\/MODULOS-NEUQUEN-Y-ROCA2-1024x1024.jpg 1024w, https:\/\/fadeweb.uncoma.edu.ar\/wp-content\/uploads\/2024\/06\/MODULOS-NEUQUEN-Y-ROCA2-300x300.jpg 300w, https:\/\/fadeweb.uncoma.edu.ar\/wp-content\/uploads\/2024\/06\/MODULOS-NEUQUEN-Y-ROCA2-150x150.jpg 150w, https:\/\/fadeweb.uncoma.edu.ar\/wp-content\/uploads\/2024\/06\/MODULOS-NEUQUEN-Y-ROCA2-768x768.jpg 768w, https:\/\/fadeweb.uncoma.edu.ar\/wp-content\/uploads\/2024\/06\/MODULOS-NEUQUEN-Y-ROCA2.jpg 1080w\" sizes=\"(max-width: 800px) 100vw, 800px\" \/><\/p>\n<p>&nbsp;<\/p>\n<p>El Departamento de Trabajo Social, m\u00f3dulo Neuqu\u00e9n y m\u00f3dulo Fiske Menuco- General Roca, dependiente de la Facultad de Derecho y Ciencias Sociales expresa su m\u00e1s firme repudio a la brutal represi\u00f3n implementada en el contexto de la movilizaci\u00f3n popular contra la ley bases que se trataba en el Senado. La represi\u00f3n se perpetr\u00f3 con el fin de expulsar del lugar a las trabajadoras y trabajadores que manifestaban en paz, ejerciendo el derecho constitucional a la protesta.<\/p>\n<p>Este acto es inaceptable en un sistema democr\u00e1tico porque atenta contra el Estado de Derecho y las libertades fundamentales. No podemos aceptar la naturalizaci\u00f3n del terror y la represi\u00f3n.<\/p>\n","protected":false},"excerpt":{"rendered":"<p>&nbsp; El Departamento de Trabajo Social, m\u00f3dulo Neuqu\u00e9n y m\u00f3dulo Fiske Menuco- General Roca, dependiente de la Facultad de Derecho y Ciencias Sociales expresa su m\u00e1s firme repudio a la brutal represi\u00f3n implementada en el contexto de la movilizaci\u00f3n popular contra la ley bases que se trataba en el Senado. La represi\u00f3n se perpetr\u00f3 con [&hellip;]<\/p>\n","protected":false},"author":4,"featured_media":21128,"comment_status":"closed","ping_status":"closed","sticky":false,"template":"","format":"standard","meta":{"footnotes":""},"categories":[5],"tags":[],"class_list":["post-21127","post","type-post","status-publish","format-standard","has-post-thumbnail","hentry","category-notifadecs"],"_links":{"self":[{"href":"https:\/\/fadeweb.uncoma.edu.ar\/index.php\/wp-json\/wp\/v2\/posts\/21127","targetHints":{"allow":["GET"]}}],"collection":[{"href":"https:\/\/fadeweb.uncoma.edu.ar\/index.php\/wp-json\/wp\/v2\/posts"}],"about":[{"href":"https:\/\/fadeweb.uncoma.edu.ar\/index.php\/wp-json\/wp\/v2\/types\/post"}],"author":[{"embeddable":true,"href":"https:\/\/fadeweb.uncoma.edu.ar\/index.php\/wp-json\/wp\/v2\/users\/4"}],"replies":[{"embeddable":true,"href":"https:\/\/fadeweb.uncoma.edu.ar\/index.php\/wp-json\/wp\/v2\/comments?post=21127"}],"version-history":[{"count":1,"href":"https:\/\/fadeweb.uncoma.edu.ar\/index.php\/wp-json\/wp\/v2\/posts\/21127\/revisions"}],"predecessor-version":[{"id":21129,"href":"https:\/\/fadeweb.uncoma.edu.ar\/index.php\/wp-json\/wp\/v2\/posts\/21127\/revisions\/21129"}],"wp:featuredmedia":[{"embeddable":true,"href":"https:\/\/fadeweb.uncoma.edu.ar\/index.php\/wp-json\/wp\/v2\/media\/21128"}],"wp:attachment":[{"href":"https:\/\/fadeweb.uncoma.edu.ar\/index.php\/wp-json\/wp\/v2\/media?parent=21127"}],"wp:term":[{"taxonomy":"category","embeddable":true,"href":"https:\/\/fadeweb.uncoma.edu.ar\/index.php\/wp-json\/wp\/v2\/categories?post=21127"},{"taxonomy":"post_tag","embeddable":true,"href":"https:\/\/fadeweb.uncoma.edu.ar\/index.php\/wp-json\/wp\/v2\/tags?post=21127"}],"curies":[{"name":"wp","href":"https:\/\/api.w.org\/{rel}","templated":true}]}}