{"id":21118,"date":"2024-06-14T10:56:42","date_gmt":"2024-06-14T13:56:42","guid":{"rendered":"https:\/\/fadeweb.uncoma.edu.ar\/?p=21118"},"modified":"2024-06-14T10:56:42","modified_gmt":"2024-06-14T13:56:42","slug":"sembrar-memoria-proyectan-documental-sobre-detencion-de-dora-seguel","status":"publish","type":"post","link":"https:\/\/fadeweb.uncoma.edu.ar\/index.php\/2024\/06\/14\/sembrar-memoria-proyectan-documental-sobre-detencion-de-dora-seguel\/","title":{"rendered":"SEMBRAR MEMORIA, PROYECTAN DOCUMENTAL SOBRE DETENCI\u00d3N DE DORA SEGUEL"},"content":{"rendered":"<div class=\"xdj266r x11i5rnm xat24cr x1mh8g0r x1vvkbs x126k92a\">\n<div dir=\"auto\"><img fetchpriority=\"high\" decoding=\"async\" class=\"alignnone wp-image-21119\" src=\"https:\/\/fadeweb.uncoma.edu.ar\/wp-content\/uploads\/2024\/06\/seguel.jpg\" alt=\"SEMBRAR MEMORIA, PROYECTAN DOCUMENTAL SOBRE DETENCI\u00d3N DE DORA SEGUEL\" width=\"600\" height=\"600\" srcset=\"https:\/\/fadeweb.uncoma.edu.ar\/wp-content\/uploads\/2024\/06\/seguel.jpg 982w, https:\/\/fadeweb.uncoma.edu.ar\/wp-content\/uploads\/2024\/06\/seguel-300x300.jpg 300w, https:\/\/fadeweb.uncoma.edu.ar\/wp-content\/uploads\/2024\/06\/seguel-150x150.jpg 150w, https:\/\/fadeweb.uncoma.edu.ar\/wp-content\/uploads\/2024\/06\/seguel-768x768.jpg 768w\" sizes=\"(max-width: 600px) 100vw, 600px\" \/><\/div>\n<div dir=\"auto\"><\/div>\n<\/div>\n<div class=\"x11i5rnm xat24cr x1mh8g0r x1vvkbs xtlvy1s x126k92a\">\n<div dir=\"auto\">A 48 a\u00f1os de la detenci\u00f3n y desaparici\u00f3n de estudiantes y docentes de Trabajo Social, el documental \u201cCamino de regreso\u201d, la historia de Dora Seguel, sobreviviente de la \u00faltima dictadura c\u00edvico-militar, se proyectar\u00e1 el mi\u00e9rcoles 19 de junio a las 19 en el Aula Magna \u00abSalvador Allende\u201d, en Buenos Aires 1400 de Neuqu\u00e9n Capital. El cortometraje, dirigido por Violeta Arzamendia y Luciana Rodrigues Dacunt, registra el secuestro, cautiverio, liberaci\u00f3n y lucha por justicia de la militante neuquina.<\/div>\n<div dir=\"auto\"><\/div>\n<\/div>\n<div class=\"x11i5rnm xat24cr x1mh8g0r x1vvkbs xtlvy1s x126k92a\">\n<div dir=\"auto\">\u201cEl 19 de junio de 1976, luego de una semana de cautiverio en el centro clandestino de detenci\u00f3n La Escuelita, de Bah\u00eda Blanca, Dora Seguel y su hermana, Argentina, son arrojadas desde un veh\u00edculo militar, maniatadas y con vendas en los ojos, al costado de la ruta a la altura de misma ciudad. Luego de 48 a\u00f1os, como un portal en el tiempo, el corto invita a emprender un viaje de regreso a ese sitio donde fue liberada, un viaje por sus recuerdos y sus sensaciones. Dora es la \u00fanica sobreviviente de las tres hermanas Seguel. Arlene contin\u00faa desaparecida.<\/div>\n<div dir=\"auto\"><\/div>\n<\/div>\n<div class=\"x11i5rnm xat24cr x1mh8g0r x1vvkbs xtlvy1s x126k92a\">\n<div dir=\"auto\">La APDH (Asamblea por los Derechos Humanos de Neuqu\u00e9n) invita a la jornada que es organizada por el Departamento de Trabajo Social M\u00f3dulo Neuqu\u00e9n-FADECS-UNCo.<\/div>\n<\/div>\n","protected":false},"excerpt":{"rendered":"<p>A 48 a\u00f1os de la detenci\u00f3n y desaparici\u00f3n de estudiantes y docentes de Trabajo Social, el documental \u201cCamino de regreso\u201d, la historia de Dora Seguel, sobreviviente de la \u00faltima dictadura c\u00edvico-militar, se proyectar\u00e1 el mi\u00e9rcoles 19 de junio a las 19 en el Aula Magna \u00abSalvador Allende\u201d, en Buenos Aires 1400 de Neuqu\u00e9n Capital. El [&hellip;]<\/p>\n","protected":false},"author":4,"featured_media":21119,"comment_status":"closed","ping_status":"closed","sticky":false,"template":"","format":"standard","meta":{"footnotes":""},"categories":[5],"tags":[],"class_list":["post-21118","post","type-post","status-publish","format-standard","has-post-thumbnail","hentry","category-notifadecs"],"_links":{"self":[{"href":"https:\/\/fadeweb.uncoma.edu.ar\/index.php\/wp-json\/wp\/v2\/posts\/21118","targetHints":{"allow":["GET"]}}],"collection":[{"href":"https:\/\/fadeweb.uncoma.edu.ar\/index.php\/wp-json\/wp\/v2\/posts"}],"about":[{"href":"https:\/\/fadeweb.uncoma.edu.ar\/index.php\/wp-json\/wp\/v2\/types\/post"}],"author":[{"embeddable":true,"href":"https:\/\/fadeweb.uncoma.edu.ar\/index.php\/wp-json\/wp\/v2\/users\/4"}],"replies":[{"embeddable":true,"href":"https:\/\/fadeweb.uncoma.edu.ar\/index.php\/wp-json\/wp\/v2\/comments?post=21118"}],"version-history":[{"count":1,"href":"https:\/\/fadeweb.uncoma.edu.ar\/index.php\/wp-json\/wp\/v2\/posts\/21118\/revisions"}],"predecessor-version":[{"id":21120,"href":"https:\/\/fadeweb.uncoma.edu.ar\/index.php\/wp-json\/wp\/v2\/posts\/21118\/revisions\/21120"}],"wp:featuredmedia":[{"embeddable":true,"href":"https:\/\/fadeweb.uncoma.edu.ar\/index.php\/wp-json\/wp\/v2\/media\/21119"}],"wp:attachment":[{"href":"https:\/\/fadeweb.uncoma.edu.ar\/index.php\/wp-json\/wp\/v2\/media?parent=21118"}],"wp:term":[{"taxonomy":"category","embeddable":true,"href":"https:\/\/fadeweb.uncoma.edu.ar\/index.php\/wp-json\/wp\/v2\/categories?post=21118"},{"taxonomy":"post_tag","embeddable":true,"href":"https:\/\/fadeweb.uncoma.edu.ar\/index.php\/wp-json\/wp\/v2\/tags?post=21118"}],"curies":[{"name":"wp","href":"https:\/\/api.w.org\/{rel}","templated":true}]}}