{"id":20972,"date":"2024-06-01T00:02:00","date_gmt":"2024-06-01T03:02:00","guid":{"rendered":"https:\/\/fadeweb.uncoma.edu.ar\/?p=20972"},"modified":"2024-06-01T00:04:02","modified_gmt":"2024-06-01T03:04:02","slug":"1o-de-junio-dia-del-la-sociologo-a-3","status":"publish","type":"post","link":"https:\/\/fadeweb.uncoma.edu.ar\/index.php\/2024\/06\/01\/1o-de-junio-dia-del-la-sociologo-a-3\/","title":{"rendered":"1\u00ba DE JUNIO D\u00cdA DEL\/LA SOCI\u00d3LOGO\/A"},"content":{"rendered":"<p><img fetchpriority=\"high\" decoding=\"async\" class=\"alignleft wp-image-20966\" src=\"https:\/\/fadeweb.uncoma.edu.ar\/wp-content\/uploads\/2024\/05\/1-de-junio-sociologia-300x300.jpeg\" alt=\"\" width=\"600\" height=\"599\" srcset=\"https:\/\/fadeweb.uncoma.edu.ar\/wp-content\/uploads\/2024\/05\/1-de-junio-sociologia-300x300.jpeg 300w, https:\/\/fadeweb.uncoma.edu.ar\/wp-content\/uploads\/2024\/05\/1-de-junio-sociologia-1024x1021.jpeg 1024w, https:\/\/fadeweb.uncoma.edu.ar\/wp-content\/uploads\/2024\/05\/1-de-junio-sociologia-150x150.jpeg 150w, https:\/\/fadeweb.uncoma.edu.ar\/wp-content\/uploads\/2024\/05\/1-de-junio-sociologia-768x766.jpeg 768w, https:\/\/fadeweb.uncoma.edu.ar\/wp-content\/uploads\/2024\/05\/1-de-junio-sociologia-1536x1532.jpeg 1536w, https:\/\/fadeweb.uncoma.edu.ar\/wp-content\/uploads\/2024\/05\/1-de-junio-sociologia.jpeg 1600w\" sizes=\"(max-width: 600px) 100vw, 600px\" \/>El 1 de junio se conmemora el D\u00eda de la Sociolog\u00eda y de los Soci\u00f3logos en Argentina, recordando la creaci\u00f3n de la primer C\u00e1tedra de Sociolog\u00eda en el pa\u00eds, dictada en 1899 por el Dr. Antonio Dellepiane en la Facultad de Filosof\u00eda y Letras de la Universidad de Buenos Aires (UBA).<\/p>\n<p>&nbsp;<\/p>\n<p>Las autoridades de la Facultad de Derecho y Ciencias Sociales de la UNCo saludan a las\/los profesionales de nuestra organizaci\u00f3n formadora, por hacer del ejercicio reflexivo una permanente construcci\u00f3n de conocimiento sobre lo social como base fundamental del oficio.<\/p>\n","protected":false},"excerpt":{"rendered":"<p>El 1 de junio se conmemora el D\u00eda de la Sociolog\u00eda y de los Soci\u00f3logos en Argentina, recordando la creaci\u00f3n de la primer C\u00e1tedra de Sociolog\u00eda en el pa\u00eds, dictada en 1899 por el Dr. Antonio Dellepiane en la Facultad de Filosof\u00eda y Letras de la Universidad de Buenos Aires (UBA). &nbsp; Las autoridades de [&hellip;]<\/p>\n","protected":false},"author":3,"featured_media":20966,"comment_status":"closed","ping_status":"closed","sticky":false,"template":"","format":"standard","meta":{"footnotes":""},"categories":[65,5,89],"tags":[],"class_list":["post-20972","post","type-post","status-publish","format-standard","has-post-thumbnail","hentry","category-efemerides","category-notifadecs","category-sociologia"],"_links":{"self":[{"href":"https:\/\/fadeweb.uncoma.edu.ar\/index.php\/wp-json\/wp\/v2\/posts\/20972","targetHints":{"allow":["GET"]}}],"collection":[{"href":"https:\/\/fadeweb.uncoma.edu.ar\/index.php\/wp-json\/wp\/v2\/posts"}],"about":[{"href":"https:\/\/fadeweb.uncoma.edu.ar\/index.php\/wp-json\/wp\/v2\/types\/post"}],"author":[{"embeddable":true,"href":"https:\/\/fadeweb.uncoma.edu.ar\/index.php\/wp-json\/wp\/v2\/users\/3"}],"replies":[{"embeddable":true,"href":"https:\/\/fadeweb.uncoma.edu.ar\/index.php\/wp-json\/wp\/v2\/comments?post=20972"}],"version-history":[{"count":1,"href":"https:\/\/fadeweb.uncoma.edu.ar\/index.php\/wp-json\/wp\/v2\/posts\/20972\/revisions"}],"predecessor-version":[{"id":20973,"href":"https:\/\/fadeweb.uncoma.edu.ar\/index.php\/wp-json\/wp\/v2\/posts\/20972\/revisions\/20973"}],"wp:featuredmedia":[{"embeddable":true,"href":"https:\/\/fadeweb.uncoma.edu.ar\/index.php\/wp-json\/wp\/v2\/media\/20966"}],"wp:attachment":[{"href":"https:\/\/fadeweb.uncoma.edu.ar\/index.php\/wp-json\/wp\/v2\/media?parent=20972"}],"wp:term":[{"taxonomy":"category","embeddable":true,"href":"https:\/\/fadeweb.uncoma.edu.ar\/index.php\/wp-json\/wp\/v2\/categories?post=20972"},{"taxonomy":"post_tag","embeddable":true,"href":"https:\/\/fadeweb.uncoma.edu.ar\/index.php\/wp-json\/wp\/v2\/tags?post=20972"}],"curies":[{"name":"wp","href":"https:\/\/api.w.org\/{rel}","templated":true}]}}