{"id":20673,"date":"2024-05-15T11:09:03","date_gmt":"2024-05-15T14:09:03","guid":{"rendered":"https:\/\/fadeweb.uncoma.edu.ar\/?p=20673"},"modified":"2024-05-15T11:09:03","modified_gmt":"2024-05-15T14:09:03","slug":"la-fadecs-tiene-un-nuevo-doctor-en-ciencias-sociales","status":"publish","type":"post","link":"https:\/\/fadeweb.uncoma.edu.ar\/index.php\/2024\/05\/15\/la-fadecs-tiene-un-nuevo-doctor-en-ciencias-sociales\/","title":{"rendered":"LA FADECS TIENE UN NUEVO DOCTOR EN CIENCIAS SOCIALES"},"content":{"rendered":"<p><img fetchpriority=\"high\" decoding=\"async\" class=\"wp-image-20674 alignleft\" src=\"https:\/\/fadeweb.uncoma.edu.ar\/wp-content\/uploads\/2024\/05\/andres-defensa-2-300x169.png\" alt=\"\" width=\"600\" height=\"337\" srcset=\"https:\/\/fadeweb.uncoma.edu.ar\/wp-content\/uploads\/2024\/05\/andres-defensa-2-300x169.png 300w, https:\/\/fadeweb.uncoma.edu.ar\/wp-content\/uploads\/2024\/05\/andres-defensa-2-1024x576.png 1024w, https:\/\/fadeweb.uncoma.edu.ar\/wp-content\/uploads\/2024\/05\/andres-defensa-2-768x432.png 768w, https:\/\/fadeweb.uncoma.edu.ar\/wp-content\/uploads\/2024\/05\/andres-defensa-2.png 1366w\" sizes=\"(max-width: 600px) 100vw, 600px\" \/> <img decoding=\"async\" class=\"wp-image-20675 alignleft\" src=\"https:\/\/fadeweb.uncoma.edu.ar\/wp-content\/uploads\/2024\/05\/andres-defensa-3-300x169.png\" alt=\"\" width=\"600\" height=\"337\" srcset=\"https:\/\/fadeweb.uncoma.edu.ar\/wp-content\/uploads\/2024\/05\/andres-defensa-3-300x169.png 300w, https:\/\/fadeweb.uncoma.edu.ar\/wp-content\/uploads\/2024\/05\/andres-defensa-3-1024x576.png 1024w, https:\/\/fadeweb.uncoma.edu.ar\/wp-content\/uploads\/2024\/05\/andres-defensa-3-768x432.png 768w, https:\/\/fadeweb.uncoma.edu.ar\/wp-content\/uploads\/2024\/05\/andres-defensa-3.png 1366w\" sizes=\"(max-width: 600px) 100vw, 600px\" \/> <img decoding=\"async\" class=\"wp-image-20676 alignleft\" src=\"https:\/\/fadeweb.uncoma.edu.ar\/wp-content\/uploads\/2024\/05\/andres-defensa-300x169.png\" alt=\"\" width=\"600\" height=\"337\" srcset=\"https:\/\/fadeweb.uncoma.edu.ar\/wp-content\/uploads\/2024\/05\/andres-defensa-300x169.png 300w, https:\/\/fadeweb.uncoma.edu.ar\/wp-content\/uploads\/2024\/05\/andres-defensa-1024x576.png 1024w, https:\/\/fadeweb.uncoma.edu.ar\/wp-content\/uploads\/2024\/05\/andres-defensa-768x432.png 768w, https:\/\/fadeweb.uncoma.edu.ar\/wp-content\/uploads\/2024\/05\/andres-defensa.png 1366w\" sizes=\"(max-width: 600px) 100vw, 600px\" \/>El profesor Andr\u00e9s Ponce de Le\u00f3n realiz\u00f3 la defensa oral y p\u00fablica de la tesis doctoral el 13 de mayo de 2024, obteniendo el grado de Doctor en Ciencias Sociales de la Facultad de Ciencias Pol\u00edticas y Sociales de la Universidad Nacional de Cuyo. El t\u00edtulo de la tesis es \u00abEl proceso de constituci\u00f3n de una especialidad en el campo de las ciencias sociales. El trabajo social forense en la regi\u00f3n Comahue\u00bb. La tesis fue dirigida por la doctora Claudia Sandra Krmpotic (CONICET UBA), y el jurado estuvo integrado por el doctor Osvaldo Marc\u00f3n (Universidad Nacional del Litoral), doctora Liliana Beigel (Universidad de Champagnat), y el doctor Gustavo Parra (Universidad Nacional de Luj\u00e1n).<\/p>\n<p>&nbsp;<\/p>\n<p>Con respecto al trabajo escrito, los dict\u00e1menes parciales del jurado destacaron los siguiente puntos: \u00abel tema propuesto resulta de inter\u00e9s cient\u00edfico en cuanto se propone identificar la multiplicidad de intervenciones que realizan los trabajadores sociales en las que confluyen distintas perspectivas te\u00f3ricas. La tesis analiza la pr\u00e1ctica forense como especialidad disciplinar que busca la resoluci\u00f3n de conflictos sociales, a partir del an\u00e1lisis de la interrelaci\u00f3n entre lo jur\u00eddico, lo social y lo \u00e9tico. Cabe destacar el importante trabajo de campo realizado, contando m\u00e1s de veinte entrevistas, e informes sociales de profesionales en ejercicio, en el \u00e1mbito judicial de las provincias de R\u00edo Negro y Neuqu\u00e9n. Adem\u00e1s, realiz\u00f3 entrevistas a informantes clave, relevamiento de actividades de formaci\u00f3n en la tem\u00e1tica, a referentes nacionales y de proyectos de investigaci\u00f3n. La informaci\u00f3n fue sistematizada y analizada por el tesista, en esa l\u00ednea resultan sumamente interesantes las conclusiones a las cuales arriba el autor se\u00f1alando la necesidad de profundizaci\u00f3n y formaci\u00f3n de los profesionales del trabajo social en el campo socio jur\u00eddico.<\/p>\n<p>&nbsp;<\/p>\n<p>Respecto de la exposici\u00f3n oral de la tesis observaron \u00abque el doctorando respet\u00f3 los tiempos pautados y logr\u00f3 una clara s\u00edntesis de los aspectos m\u00e1s significativos de la tesis en el tiempo otorgado para la exposici\u00f3n, con una destacada habilidad comunicativa. El doctorando demostr\u00f3 s\u00f3lidos conocimientos en la materia, incluyendo aspectos que tienen que ver con su propia experiencia y trayectoria, ante los comentarios y preguntas formuladas por el jurado. Asimismo se destaca la inclusi\u00f3n de respuestas a las observaciones que figuraban en los dict\u00e1menes de evaluaci\u00f3n previos. Teniendo en cuenta la relevancia del estudio, el jurado recomienda la difusi\u00f3n y publicaci\u00f3n de la tesis\u00bb.<\/p>\n<p>&nbsp;<\/p>\n<p>El jurado consider\u00f3 por unanimidad que \u00abla tesis debe ser calificada como sobresaliente con menci\u00f3n de honor, y aconseja otorgar a Andr\u00e9s Ponce de Le\u00f3n el grado de doctor en Ciencias Sociales\u00bb.<\/p>\n<p>&nbsp;<\/p>\n<p>El nuevo doctor dijo \u00absoy fruto de esas trayectorias en los espacios p\u00fablicos universitarios, sin los cuales no estar\u00eda ac\u00e1 y, en el contexto en que vivimos, quiero hacer un agradecimiento de coraz\u00f3n a la Universidad P\u00fablica Argentina que nos cobija, en este caso a trav\u00e9s de esta triangulaci\u00f3n entre el Comahue, la UBA y ahora Cuyo en esta suma de trayectorias y de aprendizajes\u00bb.<\/p>\n<p>&nbsp;<\/p>\n<p>Las autoridades de la FADECS felicitan al profesor Andr\u00e9s Ponce de Le\u00f3n por el logro obtenido, para esta casa de estudios es un orgullo tenerlo en el plantel docente a personas con esa dedicaci\u00f3n y persistencia en la construcci\u00f3n del conocimiento.<\/p>\n","protected":false},"excerpt":{"rendered":"<p>El profesor Andr\u00e9s Ponce de Le\u00f3n realiz\u00f3 la defensa oral y p\u00fablica de la tesis doctoral el 13 de mayo de 2024, obteniendo el grado de Doctor en Ciencias Sociales de la Facultad de Ciencias Pol\u00edticas y Sociales de la Universidad Nacional de Cuyo. El t\u00edtulo de la tesis es \u00abEl proceso de constituci\u00f3n de [&hellip;]<\/p>\n","protected":false},"author":3,"featured_media":20676,"comment_status":"closed","ping_status":"closed","sticky":false,"template":"","format":"standard","meta":{"footnotes":""},"categories":[5],"tags":[],"class_list":["post-20673","post","type-post","status-publish","format-standard","has-post-thumbnail","hentry","category-notifadecs"],"_links":{"self":[{"href":"https:\/\/fadeweb.uncoma.edu.ar\/index.php\/wp-json\/wp\/v2\/posts\/20673","targetHints":{"allow":["GET"]}}],"collection":[{"href":"https:\/\/fadeweb.uncoma.edu.ar\/index.php\/wp-json\/wp\/v2\/posts"}],"about":[{"href":"https:\/\/fadeweb.uncoma.edu.ar\/index.php\/wp-json\/wp\/v2\/types\/post"}],"author":[{"embeddable":true,"href":"https:\/\/fadeweb.uncoma.edu.ar\/index.php\/wp-json\/wp\/v2\/users\/3"}],"replies":[{"embeddable":true,"href":"https:\/\/fadeweb.uncoma.edu.ar\/index.php\/wp-json\/wp\/v2\/comments?post=20673"}],"version-history":[{"count":1,"href":"https:\/\/fadeweb.uncoma.edu.ar\/index.php\/wp-json\/wp\/v2\/posts\/20673\/revisions"}],"predecessor-version":[{"id":20677,"href":"https:\/\/fadeweb.uncoma.edu.ar\/index.php\/wp-json\/wp\/v2\/posts\/20673\/revisions\/20677"}],"wp:featuredmedia":[{"embeddable":true,"href":"https:\/\/fadeweb.uncoma.edu.ar\/index.php\/wp-json\/wp\/v2\/media\/20676"}],"wp:attachment":[{"href":"https:\/\/fadeweb.uncoma.edu.ar\/index.php\/wp-json\/wp\/v2\/media?parent=20673"}],"wp:term":[{"taxonomy":"category","embeddable":true,"href":"https:\/\/fadeweb.uncoma.edu.ar\/index.php\/wp-json\/wp\/v2\/categories?post=20673"},{"taxonomy":"post_tag","embeddable":true,"href":"https:\/\/fadeweb.uncoma.edu.ar\/index.php\/wp-json\/wp\/v2\/tags?post=20673"}],"curies":[{"name":"wp","href":"https:\/\/api.w.org\/{rel}","templated":true}]}}