{"id":20670,"date":"2024-05-15T01:00:31","date_gmt":"2024-05-15T04:00:31","guid":{"rendered":"https:\/\/fadeweb.uncoma.edu.ar\/?p=20670"},"modified":"2024-05-14T15:02:30","modified_gmt":"2024-05-14T18:02:30","slug":"15-de-mayo-dia-del-la-docente-universitario-a-3","status":"publish","type":"post","link":"https:\/\/fadeweb.uncoma.edu.ar\/index.php\/2024\/05\/15\/15-de-mayo-dia-del-la-docente-universitario-a-3\/","title":{"rendered":"15 DE MAYO, D\u00cdA DEL\/LA DOCENTE UNIVERSITARIO\/A"},"content":{"rendered":"<p><img fetchpriority=\"high\" decoding=\"async\" class=\"wp-image-20671 alignleft\" src=\"https:\/\/fadeweb.uncoma.edu.ar\/wp-content\/uploads\/2024\/05\/dia-del-docente-2024-300x200.png\" alt=\"\" width=\"600\" height=\"400\" srcset=\"https:\/\/fadeweb.uncoma.edu.ar\/wp-content\/uploads\/2024\/05\/dia-del-docente-2024-300x200.png 300w, https:\/\/fadeweb.uncoma.edu.ar\/wp-content\/uploads\/2024\/05\/dia-del-docente-2024.png 768w\" sizes=\"(max-width: 600px) 100vw, 600px\" \/>La conmemoraci\u00f3n del d\u00eda del\/la Docente universitario\/a es un reconocimiento a actores que llevan adelante un valioso proceso de producci\u00f3n y transferencia de conocimientos, de habilidades para el ejercicio profesional que impacta en el proceso formativo y profesionalista.<\/p>\n<p>Estas trayectorias de alta competencia demandan compromiso por la ense\u00f1anza, la investigaci\u00f3n y la transmisi\u00f3n de saberes. Y no eximen al profesor y la profesora de promover acciones colectivas que los ubiquen como protagonista educativo y principal agente de cambio.<\/p>\n<p>En el D\u00eda del Docente Universitario, las autoridades de la Facultad de Derecho y Ciencias Sociales de la UNCo saludan a todos\/as los\/las trabajadores y trabajadoras docentes de nuestra casa de estudios.<\/p>\n","protected":false},"excerpt":{"rendered":"<p>La conmemoraci\u00f3n del d\u00eda del\/la Docente universitario\/a es un reconocimiento a actores que llevan adelante un valioso proceso de producci\u00f3n y transferencia de conocimientos, de habilidades para el ejercicio profesional que impacta en el proceso formativo y profesionalista. Estas trayectorias de alta competencia demandan compromiso por la ense\u00f1anza, la investigaci\u00f3n y la transmisi\u00f3n de saberes. [&hellip;]<\/p>\n","protected":false},"author":3,"featured_media":20671,"comment_status":"closed","ping_status":"closed","sticky":false,"template":"","format":"standard","meta":{"footnotes":""},"categories":[65,5],"tags":[],"class_list":["post-20670","post","type-post","status-publish","format-standard","has-post-thumbnail","hentry","category-efemerides","category-notifadecs"],"_links":{"self":[{"href":"https:\/\/fadeweb.uncoma.edu.ar\/index.php\/wp-json\/wp\/v2\/posts\/20670","targetHints":{"allow":["GET"]}}],"collection":[{"href":"https:\/\/fadeweb.uncoma.edu.ar\/index.php\/wp-json\/wp\/v2\/posts"}],"about":[{"href":"https:\/\/fadeweb.uncoma.edu.ar\/index.php\/wp-json\/wp\/v2\/types\/post"}],"author":[{"embeddable":true,"href":"https:\/\/fadeweb.uncoma.edu.ar\/index.php\/wp-json\/wp\/v2\/users\/3"}],"replies":[{"embeddable":true,"href":"https:\/\/fadeweb.uncoma.edu.ar\/index.php\/wp-json\/wp\/v2\/comments?post=20670"}],"version-history":[{"count":1,"href":"https:\/\/fadeweb.uncoma.edu.ar\/index.php\/wp-json\/wp\/v2\/posts\/20670\/revisions"}],"predecessor-version":[{"id":20672,"href":"https:\/\/fadeweb.uncoma.edu.ar\/index.php\/wp-json\/wp\/v2\/posts\/20670\/revisions\/20672"}],"wp:featuredmedia":[{"embeddable":true,"href":"https:\/\/fadeweb.uncoma.edu.ar\/index.php\/wp-json\/wp\/v2\/media\/20671"}],"wp:attachment":[{"href":"https:\/\/fadeweb.uncoma.edu.ar\/index.php\/wp-json\/wp\/v2\/media?parent=20670"}],"wp:term":[{"taxonomy":"category","embeddable":true,"href":"https:\/\/fadeweb.uncoma.edu.ar\/index.php\/wp-json\/wp\/v2\/categories?post=20670"},{"taxonomy":"post_tag","embeddable":true,"href":"https:\/\/fadeweb.uncoma.edu.ar\/index.php\/wp-json\/wp\/v2\/tags?post=20670"}],"curies":[{"name":"wp","href":"https:\/\/api.w.org\/{rel}","templated":true}]}}