{"id":20540,"date":"2024-05-08T09:36:54","date_gmt":"2024-05-08T12:36:54","guid":{"rendered":"https:\/\/fadeweb.uncoma.edu.ar\/?p=20540"},"modified":"2024-05-08T09:35:51","modified_gmt":"2024-05-08T12:35:51","slug":"x-jornadas-regionales-de-derecho-laboral-de-rio-negro-y-neuquen","status":"publish","type":"post","link":"https:\/\/fadeweb.uncoma.edu.ar\/index.php\/2024\/05\/08\/x-jornadas-regionales-de-derecho-laboral-de-rio-negro-y-neuquen\/","title":{"rendered":"X JORNADAS REGIONALES DE DERECHO LABORAL DE\u00a0 R\u00cdO NEGRO Y NEUQU\u00c9N"},"content":{"rendered":"<p><img fetchpriority=\"high\" decoding=\"async\" class=\"wp-image-20606 alignleft\" src=\"https:\/\/fadeweb.uncoma.edu.ar\/wp-content\/uploads\/2024\/04\/Jornadas-CAAVO-2_pages-to-jpg-0001-212x300.jpg\" alt=\"\" width=\"600\" height=\"848\" srcset=\"https:\/\/fadeweb.uncoma.edu.ar\/wp-content\/uploads\/2024\/04\/Jornadas-CAAVO-2_pages-to-jpg-0001-212x300.jpg 212w, https:\/\/fadeweb.uncoma.edu.ar\/wp-content\/uploads\/2024\/04\/Jornadas-CAAVO-2_pages-to-jpg-0001-725x1024.jpg 725w, https:\/\/fadeweb.uncoma.edu.ar\/wp-content\/uploads\/2024\/04\/Jornadas-CAAVO-2_pages-to-jpg-0001-768x1085.jpg 768w, https:\/\/fadeweb.uncoma.edu.ar\/wp-content\/uploads\/2024\/04\/Jornadas-CAAVO-2_pages-to-jpg-0001-1087x1536.jpg 1087w, https:\/\/fadeweb.uncoma.edu.ar\/wp-content\/uploads\/2024\/04\/Jornadas-CAAVO-2_pages-to-jpg-0001.jpg 1241w\" sizes=\"(max-width: 600px) 100vw, 600px\" \/>El Colegio de Abogados del Alto Valle Oeste invita a participar de las X Jornadas Regionales de Derecho Laboral, dedicadas a las provincias de R\u00edo Negro y Neuqu\u00e9n, que se llevar\u00e1n a cabo el viernes 17 y s\u00e1bado 18 de mayo de 2024 en el Sal\u00f3n Roda, ubicado en Tres Arroyos 365 de Cipolletti.<\/p>\n<p>&nbsp;<\/p>\n<p>Las Jornadas cuentan con aval institucional de la FADECS (Resoluci\u00f3n N\u00ba 0286\/2024) por ser una actividad tradicional en el Colegio, que convoca a magistrados, funcionarios, profesionales que enriquecen las instituciones laborales de nuestras Provincias. Adem\u00e1s de constituir una pr\u00e1ctica que brinda la posibilidad de complementar la formaci\u00f3n de estudiantes de la materia, docentes y graduados de nuestra instituci\u00f3n.<\/p>\n<p>&nbsp;<\/p>\n<p>Los organizadores han invitado, en car\u00e1cter de disertantes, por la provincia de R\u00edo Negro representando al Superior Tribunal de Justicia al Dr. Sergio Mario Barotto, en representaci\u00f3n de la C\u00e1mara Laboral a los Dres. Victorio Gerometta, Ra\u00fal Santos y Luis Lavedan; y por la provincia del Neuqu\u00e9n \u00a0representado al Tribunal Superior de Justicia al Dr. Roberto Germ\u00e1n Busamia, y en representaci\u00f3n de las C\u00e1maras de apelaciones a la Dra. Patricia M\u00f3nica Cl\u00e9rici y Nancy Noem\u00ed Vielma.<\/p>\n<p>&nbsp;<\/p>\n<p>Y, como invitado especial, el Dr. H\u00e9ctor Guisado ex Juez Nacional de Primera Instancia del Trabajo. Profesor en los Postgrados de Derecho del Trabajo en la Facultad de Derecho de las Universidades de Buenos Aires, Austral, Cat\u00f3lica Argentina, Cat\u00f3lica de Salta sede Buenos Aires y Nacional del Litoral.<\/p>\n<p>&nbsp;<\/p>\n<p>Inscripci\u00f3n en: <a href=\"https:\/\/forms.gle\/tFLhUfnNhQkfQEzx8\">https:\/\/forms.gle\/tFLhUfnNhQkfQEzx8<\/a><\/p>\n","protected":false},"excerpt":{"rendered":"<p>El Colegio de Abogados del Alto Valle Oeste invita a participar de las X Jornadas Regionales de Derecho Laboral, dedicadas a las provincias de R\u00edo Negro y Neuqu\u00e9n, que se llevar\u00e1n a cabo el viernes 17 y s\u00e1bado 18 de mayo de 2024 en el Sal\u00f3n Roda, ubicado en Tres Arroyos 365 de Cipolletti. &nbsp; [&hellip;]<\/p>\n","protected":false},"author":3,"featured_media":20606,"comment_status":"closed","ping_status":"closed","sticky":false,"template":"","format":"standard","meta":{"footnotes":""},"categories":[85,49,5],"tags":[],"class_list":["post-20540","post","type-post","status-publish","format-standard","has-post-thumbnail","hentry","category-abogacia","category-colegio-de-abogadas-y-abogados-general-roca","category-notifadecs"],"_links":{"self":[{"href":"https:\/\/fadeweb.uncoma.edu.ar\/index.php\/wp-json\/wp\/v2\/posts\/20540","targetHints":{"allow":["GET"]}}],"collection":[{"href":"https:\/\/fadeweb.uncoma.edu.ar\/index.php\/wp-json\/wp\/v2\/posts"}],"about":[{"href":"https:\/\/fadeweb.uncoma.edu.ar\/index.php\/wp-json\/wp\/v2\/types\/post"}],"author":[{"embeddable":true,"href":"https:\/\/fadeweb.uncoma.edu.ar\/index.php\/wp-json\/wp\/v2\/users\/3"}],"replies":[{"embeddable":true,"href":"https:\/\/fadeweb.uncoma.edu.ar\/index.php\/wp-json\/wp\/v2\/comments?post=20540"}],"version-history":[{"count":4,"href":"https:\/\/fadeweb.uncoma.edu.ar\/index.php\/wp-json\/wp\/v2\/posts\/20540\/revisions"}],"predecessor-version":[{"id":20607,"href":"https:\/\/fadeweb.uncoma.edu.ar\/index.php\/wp-json\/wp\/v2\/posts\/20540\/revisions\/20607"}],"wp:featuredmedia":[{"embeddable":true,"href":"https:\/\/fadeweb.uncoma.edu.ar\/index.php\/wp-json\/wp\/v2\/media\/20606"}],"wp:attachment":[{"href":"https:\/\/fadeweb.uncoma.edu.ar\/index.php\/wp-json\/wp\/v2\/media?parent=20540"}],"wp:term":[{"taxonomy":"category","embeddable":true,"href":"https:\/\/fadeweb.uncoma.edu.ar\/index.php\/wp-json\/wp\/v2\/categories?post=20540"},{"taxonomy":"post_tag","embeddable":true,"href":"https:\/\/fadeweb.uncoma.edu.ar\/index.php\/wp-json\/wp\/v2\/tags?post=20540"}],"curies":[{"name":"wp","href":"https:\/\/api.w.org\/{rel}","templated":true}]}}