{"id":20371,"date":"2024-04-18T11:35:40","date_gmt":"2024-04-18T14:35:40","guid":{"rendered":"https:\/\/fadeweb.uncoma.edu.ar\/?p=20371"},"modified":"2024-05-08T11:54:31","modified_gmt":"2024-05-08T14:54:31","slug":"voces-del-departamento-de-comunicacion-social-en-homenaje-a-cristian-aliaga-2","status":"publish","type":"post","link":"https:\/\/fadeweb.uncoma.edu.ar\/index.php\/2024\/04\/18\/voces-del-departamento-de-comunicacion-social-en-homenaje-a-cristian-aliaga-2\/","title":{"rendered":"VOCES DEL DEPARTAMENTO DE COMUNICACI\u00d3N SOCIAL EN HOMENAJE A CRISTIAN ALIAGA"},"content":{"rendered":"<p><img fetchpriority=\"high\" decoding=\"async\" class=\"wp-image-20372 alignleft\" src=\"https:\/\/fadeweb.uncoma.edu.ar\/wp-content\/uploads\/2024\/04\/Cristian-Aliaga-recuerdo.jpg\" alt=\"\" width=\"600\" height=\"336\" \/>Recuerdo de Cristian Aliaga<\/p>\n<p>por el profesor Juan Carlos Bergonzi<\/p>\n<p>&nbsp;<\/p>\n<p>Un brillante ex alumno ha partido. La muerte lo sorprende a los sesenta y dos a\u00f1os. Cristian Aliaga nos ha dejado. La tristeza nos invade. La sensaci\u00f3n de p\u00e9rdida es insoportable. Se fue, all\u00e1, rodeado del amor de su compa\u00f1era de siempre, Sara y de sus tres hijos.<\/p>\n<p>Graduado en Comunicaci\u00f3n Social por nuestra Facultad, desarroll\u00f3 con sus saberes una intensa trayectoria en el arte de la cultura y la comunicaci\u00f3n. Su mente despejada, sin prejuicios y con fuerte empat\u00eda con el pr\u00f3jimo, nos deslumbr\u00f3 con su incansable fluir de realizaciones que comenzaron desde muy joven, incluso de estudiante, en esta ciudad de General Roca.<\/p>\n<p>Si algo llevaba como impronta visible fue la poes\u00eda. Como dijo el poeta Horacio \u00e9l fue, tambi\u00e9n,\u00a0 un \u201cmensajero de los dioses\u201d. De manera paralela, escrib\u00eda sobre ese espacio misterioso e indescifrable que es la Patagonia. Libros, revistas, encuentros y charlas eran parte de su marcha habitual.<\/p>\n<p>Desde las monta\u00f1as de la cordillera andina hasta el mar austral su palabra lleg\u00f3 y dej\u00f3 la marca de algo distinto que deja un legado excepcional. Fue periodista y entre sus logros reformul\u00f3 un diario chubutense con el vigor que permite\u00a0 la confluencia de conocimientos y la mirada de una nueva forma de hacer periodismo.<\/p>\n<p>Profesor regular en la Universidad de la Patagonia San Juan Bosco protagoniz\u00f3 en los ochenta el crecimiento de la novel carrera de comunicaci\u00f3n. Dict\u00f3 clases en nuestra FADECS en Europa y Am\u00e9rica. Reconocido en Espa\u00f1a, fue querido y gratificado con el afecto que provocaba su presencia y saberes.<\/p>\n<p>Queda mucho por decir de este amigo que nos dej\u00f3 tempranamente. La bruma de la angustia\u00a0\u00a0 no nos facilita dejar testimonio cabal\u00a0 de nuestra inquebrantable amistad con Cristian. Sentimos un dolor profundo.<\/p>\n<p>El periodista, poeta, escritor, editor y amigo ha muerto. Es irreversible. Lo tendremos en nuestros corazones para siempre y en nuestra memoria ese esp\u00edritu del tiempo compartido. Abrazo infinito.<\/p>\n","protected":false},"excerpt":{"rendered":"<p>Recuerdo de Cristian Aliaga por el profesor Juan Carlos Bergonzi &nbsp; Un brillante ex alumno ha partido. La muerte lo sorprende a los sesenta y dos a\u00f1os. Cristian Aliaga nos ha dejado. La tristeza nos invade. La sensaci\u00f3n de p\u00e9rdida es insoportable. Se fue, all\u00e1, rodeado del amor de su compa\u00f1era de siempre, Sara y [&hellip;]<\/p>\n","protected":false},"author":3,"featured_media":20372,"comment_status":"closed","ping_status":"closed","sticky":false,"template":"","format":"standard","meta":{"footnotes":""},"categories":[59,5,58],"tags":[],"class_list":["post-20371","post","type-post","status-publish","format-standard","has-post-thumbnail","hentry","category-comunicacion","category-notifadecs","category-obituarios"],"_links":{"self":[{"href":"https:\/\/fadeweb.uncoma.edu.ar\/index.php\/wp-json\/wp\/v2\/posts\/20371","targetHints":{"allow":["GET"]}}],"collection":[{"href":"https:\/\/fadeweb.uncoma.edu.ar\/index.php\/wp-json\/wp\/v2\/posts"}],"about":[{"href":"https:\/\/fadeweb.uncoma.edu.ar\/index.php\/wp-json\/wp\/v2\/types\/post"}],"author":[{"embeddable":true,"href":"https:\/\/fadeweb.uncoma.edu.ar\/index.php\/wp-json\/wp\/v2\/users\/3"}],"replies":[{"embeddable":true,"href":"https:\/\/fadeweb.uncoma.edu.ar\/index.php\/wp-json\/wp\/v2\/comments?post=20371"}],"version-history":[{"count":2,"href":"https:\/\/fadeweb.uncoma.edu.ar\/index.php\/wp-json\/wp\/v2\/posts\/20371\/revisions"}],"predecessor-version":[{"id":20608,"href":"https:\/\/fadeweb.uncoma.edu.ar\/index.php\/wp-json\/wp\/v2\/posts\/20371\/revisions\/20608"}],"wp:featuredmedia":[{"embeddable":true,"href":"https:\/\/fadeweb.uncoma.edu.ar\/index.php\/wp-json\/wp\/v2\/media\/20372"}],"wp:attachment":[{"href":"https:\/\/fadeweb.uncoma.edu.ar\/index.php\/wp-json\/wp\/v2\/media?parent=20371"}],"wp:term":[{"taxonomy":"category","embeddable":true,"href":"https:\/\/fadeweb.uncoma.edu.ar\/index.php\/wp-json\/wp\/v2\/categories?post=20371"},{"taxonomy":"post_tag","embeddable":true,"href":"https:\/\/fadeweb.uncoma.edu.ar\/index.php\/wp-json\/wp\/v2\/tags?post=20371"}],"curies":[{"name":"wp","href":"https:\/\/api.w.org\/{rel}","templated":true}]}}