{"id":20207,"date":"2024-04-03T11:19:06","date_gmt":"2024-04-03T14:19:06","guid":{"rendered":"https:\/\/fadeweb.uncoma.edu.ar\/?p=20207"},"modified":"2024-04-03T11:19:06","modified_gmt":"2024-04-03T14:19:06","slug":"necrologica-juan-caliani-q-e-p-d","status":"publish","type":"post","link":"https:\/\/fadeweb.uncoma.edu.ar\/index.php\/2024\/04\/03\/necrologica-juan-caliani-q-e-p-d\/","title":{"rendered":"NECROL\u00d3GICA Juan Caliani (Q.E.P.D.)"},"content":{"rendered":"<p><img fetchpriority=\"high\" decoding=\"async\" class=\"alignnone wp-image-20208\" src=\"https:\/\/fadeweb.uncoma.edu.ar\/wp-content\/uploads\/2024\/04\/caliani1.jpg\" alt=\"NECROL\u00d3GICA\n\nJuan Caliani (Q.E.P.D.)\n\nLa comunidad educativa de la Facultad de Derecho y Ciencias Sociales de la Universidad Nacional del Comahue, lamenta profundamente el fallecimiento de Juan Caliani, estudiante de la carrera de comunicaci\u00f3n social en la orientaci\u00f3n periodismo, y un gran militante estudiantil de la universidad p\u00fablica, laica y gratuita, siendo en oportunidades consejero directivo y superior por el claustro estudiantil.\n\nNuestro m\u00e1s sentido p\u00e9same y acompa\u00f1amiento al profesor Jorge Caliani, y su esposa Ana Mercado, siendo extensivo a toda su familia y amigos.\" width=\"600\" height=\"600\" srcset=\"https:\/\/fadeweb.uncoma.edu.ar\/wp-content\/uploads\/2024\/04\/caliani1.jpg 640w, https:\/\/fadeweb.uncoma.edu.ar\/wp-content\/uploads\/2024\/04\/caliani1-300x300.jpg 300w, https:\/\/fadeweb.uncoma.edu.ar\/wp-content\/uploads\/2024\/04\/caliani1-150x150.jpg 150w\" sizes=\"(max-width: 600px) 100vw, 600px\" \/><\/p>\n<p>La comunidad educativa de la Facultad de Derecho y Ciencias Sociales de la Universidad Nacional del Comahue, lamenta profundamente el asesinato de Juan Caliani, estudiante de la carrera de comunicaci\u00f3n social en la orientaci\u00f3n periodismo, y un gran militante estudiantil de la universidad p\u00fablica, laica y gratuita, siendo en oportunidades consejero directivo y superior por el claustro estudiantil.<\/p>\n<p>Nuestro m\u00e1s sentido p\u00e9same y acompa\u00f1amiento al profesor Jorge Caliani, y su esposa Ana Mercado, siendo extensivo a toda su familia y amigos.<\/p>\n","protected":false},"excerpt":{"rendered":"<p>La comunidad educativa de la Facultad de Derecho y Ciencias Sociales de la Universidad Nacional del Comahue, lamenta profundamente el asesinato de Juan Caliani, estudiante de la carrera de comunicaci\u00f3n social en la orientaci\u00f3n periodismo, y un gran militante estudiantil de la universidad p\u00fablica, laica y gratuita, siendo en oportunidades consejero directivo y superior por [&hellip;]<\/p>\n","protected":false},"author":4,"featured_media":20208,"comment_status":"closed","ping_status":"closed","sticky":false,"template":"","format":"standard","meta":{"footnotes":""},"categories":[5],"tags":[],"class_list":["post-20207","post","type-post","status-publish","format-standard","has-post-thumbnail","hentry","category-notifadecs"],"_links":{"self":[{"href":"https:\/\/fadeweb.uncoma.edu.ar\/index.php\/wp-json\/wp\/v2\/posts\/20207","targetHints":{"allow":["GET"]}}],"collection":[{"href":"https:\/\/fadeweb.uncoma.edu.ar\/index.php\/wp-json\/wp\/v2\/posts"}],"about":[{"href":"https:\/\/fadeweb.uncoma.edu.ar\/index.php\/wp-json\/wp\/v2\/types\/post"}],"author":[{"embeddable":true,"href":"https:\/\/fadeweb.uncoma.edu.ar\/index.php\/wp-json\/wp\/v2\/users\/4"}],"replies":[{"embeddable":true,"href":"https:\/\/fadeweb.uncoma.edu.ar\/index.php\/wp-json\/wp\/v2\/comments?post=20207"}],"version-history":[{"count":1,"href":"https:\/\/fadeweb.uncoma.edu.ar\/index.php\/wp-json\/wp\/v2\/posts\/20207\/revisions"}],"predecessor-version":[{"id":20209,"href":"https:\/\/fadeweb.uncoma.edu.ar\/index.php\/wp-json\/wp\/v2\/posts\/20207\/revisions\/20209"}],"wp:featuredmedia":[{"embeddable":true,"href":"https:\/\/fadeweb.uncoma.edu.ar\/index.php\/wp-json\/wp\/v2\/media\/20208"}],"wp:attachment":[{"href":"https:\/\/fadeweb.uncoma.edu.ar\/index.php\/wp-json\/wp\/v2\/media?parent=20207"}],"wp:term":[{"taxonomy":"category","embeddable":true,"href":"https:\/\/fadeweb.uncoma.edu.ar\/index.php\/wp-json\/wp\/v2\/categories?post=20207"},{"taxonomy":"post_tag","embeddable":true,"href":"https:\/\/fadeweb.uncoma.edu.ar\/index.php\/wp-json\/wp\/v2\/tags?post=20207"}],"curies":[{"name":"wp","href":"https:\/\/api.w.org\/{rel}","templated":true}]}}