{"id":20200,"date":"2024-04-03T11:08:10","date_gmt":"2024-04-03T14:08:10","guid":{"rendered":"https:\/\/fadeweb.uncoma.edu.ar\/?p=20200"},"modified":"2024-04-03T11:35:07","modified_gmt":"2024-04-03T14:35:07","slug":"20200","status":"publish","type":"post","link":"https:\/\/fadeweb.uncoma.edu.ar\/index.php\/2024\/04\/03\/20200\/","title":{"rendered":"\u00a1HASTA SIEMPRE CALI!"},"content":{"rendered":"<p><img fetchpriority=\"high\" decoding=\"async\" class=\"alignnone wp-image-20203\" src=\"https:\/\/fadeweb.uncoma.edu.ar\/wp-content\/uploads\/2024\/04\/caliani2-1.jpg\" alt=\"Desde el departamento de Comunicaci\u00f3n Social de la Fadecs informamos a la comunidad de la Fadecs de la muerte de Juan Caliani, estudiante de la carrera de Comunicaci\u00f3n en la orientaci\u00f3n Periodismo. Algunos docentes sentimos la alegr\u00eda de verlo recorrer de nuevo los pasillos de la Fadecs en el inicio de este nuevo a\u00f1o lectivo, porque ten\u00eda la intenci\u00f3n de retomar la carrera. Era, sin dudas, una pr\u00e1ctica habitual de Juan: volver, insistir, persistir y darle siempre para adelante.\" width=\"613\" height=\"600\" srcset=\"https:\/\/fadeweb.uncoma.edu.ar\/wp-content\/uploads\/2024\/04\/caliani2-1.jpg 720w, https:\/\/fadeweb.uncoma.edu.ar\/wp-content\/uploads\/2024\/04\/caliani2-1-300x294.jpg 300w\" sizes=\"(max-width: 613px) 100vw, 613px\" \/><\/p>\n<p>Desde el Departamento de Comunicaci\u00f3n Social y con inmenso dolor despedimos a Juan Caliani, el Cali, estudiante de la carrera de Comunicaci\u00f3n Social, orientaci\u00f3n Periodismo.<\/p>\n<p>Algunos docentes sentimos la alegr\u00eda de verlo recorrer de nuevo los pasillos de la FADECS en el inicio de este nuevo a\u00f1o lectivo, porque ten\u00eda la intenci\u00f3n de retomar la carrera. Era, sin dudas, una pr\u00e1ctica habitual de Juan: volver, insistir, persistir y darle siempre para adelante.<\/p>\n<p>Siempre sonriendo, compinche, comprometido y discutidor. Metido en todos los \u00e1mbitos de la facultad en donde hiciera falta sumar voluntades, hacer fuerza o iniciar una lucha por los derechos de los y las estudiantes, de la carrera o de todas las causas que milit\u00f3. Desde las gremiales, de la igualdad de derechos, contra los abusos de poder.<\/p>\n<p>La muerte de Juan nos llena de dolor y de bronca. Vamos a asumir el compromiso de contar qui\u00e9n fue, qu\u00e9 hizo y c\u00f3mo. Para que nuestras nuevas generaciones de estudiantes lo conozcan y lo imiten.<\/p>\n<p>Ese ser\u00e1 sin dudas su mayor legado.<\/p>\n","protected":false},"excerpt":{"rendered":"<p>Desde el Departamento de Comunicaci\u00f3n Social y con inmenso dolor despedimos a Juan Caliani, el Cali, estudiante de la carrera de Comunicaci\u00f3n Social, orientaci\u00f3n Periodismo. Algunos docentes sentimos la alegr\u00eda de verlo recorrer de nuevo los pasillos de la FADECS en el inicio de este nuevo a\u00f1o lectivo, porque ten\u00eda la intenci\u00f3n de retomar la [&hellip;]<\/p>\n","protected":false},"author":4,"featured_media":20203,"comment_status":"closed","ping_status":"closed","sticky":false,"template":"","format":"standard","meta":{"footnotes":""},"categories":[5,1],"tags":[],"class_list":["post-20200","post","type-post","status-publish","format-standard","has-post-thumbnail","hentry","category-notifadecs","category-sin-categoria"],"_links":{"self":[{"href":"https:\/\/fadeweb.uncoma.edu.ar\/index.php\/wp-json\/wp\/v2\/posts\/20200","targetHints":{"allow":["GET"]}}],"collection":[{"href":"https:\/\/fadeweb.uncoma.edu.ar\/index.php\/wp-json\/wp\/v2\/posts"}],"about":[{"href":"https:\/\/fadeweb.uncoma.edu.ar\/index.php\/wp-json\/wp\/v2\/types\/post"}],"author":[{"embeddable":true,"href":"https:\/\/fadeweb.uncoma.edu.ar\/index.php\/wp-json\/wp\/v2\/users\/4"}],"replies":[{"embeddable":true,"href":"https:\/\/fadeweb.uncoma.edu.ar\/index.php\/wp-json\/wp\/v2\/comments?post=20200"}],"version-history":[{"count":4,"href":"https:\/\/fadeweb.uncoma.edu.ar\/index.php\/wp-json\/wp\/v2\/posts\/20200\/revisions"}],"predecessor-version":[{"id":20210,"href":"https:\/\/fadeweb.uncoma.edu.ar\/index.php\/wp-json\/wp\/v2\/posts\/20200\/revisions\/20210"}],"wp:featuredmedia":[{"embeddable":true,"href":"https:\/\/fadeweb.uncoma.edu.ar\/index.php\/wp-json\/wp\/v2\/media\/20203"}],"wp:attachment":[{"href":"https:\/\/fadeweb.uncoma.edu.ar\/index.php\/wp-json\/wp\/v2\/media?parent=20200"}],"wp:term":[{"taxonomy":"category","embeddable":true,"href":"https:\/\/fadeweb.uncoma.edu.ar\/index.php\/wp-json\/wp\/v2\/categories?post=20200"},{"taxonomy":"post_tag","embeddable":true,"href":"https:\/\/fadeweb.uncoma.edu.ar\/index.php\/wp-json\/wp\/v2\/tags?post=20200"}],"curies":[{"name":"wp","href":"https:\/\/api.w.org\/{rel}","templated":true}]}}