{"id":20194,"date":"2024-04-03T08:43:51","date_gmt":"2024-04-03T11:43:51","guid":{"rendered":"https:\/\/fadeweb.uncoma.edu.ar\/?p=20194"},"modified":"2024-04-03T08:43:51","modified_gmt":"2024-04-03T11:43:51","slug":"curso-de-posgrado-analisis-y-estrategias-comunicacionales-inscripciones-abiertas","status":"publish","type":"post","link":"https:\/\/fadeweb.uncoma.edu.ar\/index.php\/2024\/04\/03\/curso-de-posgrado-analisis-y-estrategias-comunicacionales-inscripciones-abiertas\/","title":{"rendered":"CURSO DE POSGRADO: An\u00e1lisis y estrategias comunicacionales &#8211; INSCRIPCIONES ABIERTAS"},"content":{"rendered":"<p><img fetchpriority=\"high\" decoding=\"async\" class=\"alignnone wp-image-20195\" src=\"https:\/\/fadeweb.uncoma.edu.ar\/wp-content\/uploads\/2024\/04\/COMUNICACION-INSTITUCIONAL1-1024x1024.jpg\" alt=\"CURSO DE POSGRADO: An\u00e1lisis y estrategias comunicacionales - INSCRIPCIONES ABIERTAS\n\" width=\"600\" height=\"600\" srcset=\"https:\/\/fadeweb.uncoma.edu.ar\/wp-content\/uploads\/2024\/04\/COMUNICACION-INSTITUCIONAL1-1024x1024.jpg 1024w, https:\/\/fadeweb.uncoma.edu.ar\/wp-content\/uploads\/2024\/04\/COMUNICACION-INSTITUCIONAL1-300x300.jpg 300w, https:\/\/fadeweb.uncoma.edu.ar\/wp-content\/uploads\/2024\/04\/COMUNICACION-INSTITUCIONAL1-150x150.jpg 150w, https:\/\/fadeweb.uncoma.edu.ar\/wp-content\/uploads\/2024\/04\/COMUNICACION-INSTITUCIONAL1-768x768.jpg 768w, https:\/\/fadeweb.uncoma.edu.ar\/wp-content\/uploads\/2024\/04\/COMUNICACION-INSTITUCIONAL1.jpg 1080w\" sizes=\"(max-width: 600px) 100vw, 600px\" \/><\/p>\n<p>Inscripciones abiertas &#8211; 40 hs.<\/p>\n<h3><strong>\u201cAn\u00e1lisis y estrategias comunicacionales\u201d\u00a0<a href=\"https:\/\/listas.uncoma.edu.ar\/lists\/lt.php?tid=LB9SDVYCDwlQDhgNDgIHH1VWWFRMUQNaUBhQUlcAUwZWVVVYAFFEBFNRAwcIBFEfBFcLA0wEWwEBGAJWAQIaUFEAUghVU10CWg9RSQEFXwZZVl9STAMHXFQYVwZbBBpaUwFRFFUCXAEHVgMAWQYFAg\" target=\"_blank\" rel=\"noopener\">(Res. D. 153\/24)<\/a><\/strong><\/h3>\n<p>El Departamento de posgrado de la Facultad de Derecho y Ciencias Sociales \u2013 Universidad Nacional del Comahue<br \/>\ninforma que se encuentran abiertas las inscripciones para el presente\u00a0<strong>curso de posgrado<\/strong>. Se dicta en el marco de<br \/>\nlas carreras de posgrado\u00a0<a href=\"https:\/\/listas.uncoma.edu.ar\/lists\/lt.php?tid=LB9bXFBeDAECUxgAAQEFH1VVXQJMUlsNBxhSUlUEUVpRAFsOVFREBFNRAwcIBFEfBFcLA0wEWwEBGAJWAQIaUFEAUghVU10CWg9RSQEFXwZZVl9STAMHXFQYVwZbBBpaUwFRFFUCXAEHVgMAWQYFAg\" target=\"_blank\" rel=\"noopener\">\u201cEspecializaci\u00f3n en Comunicaci\u00f3n y Culturas Contempor\u00e1neas\u201d<\/a>\u00a0y la \u201c<a href=\"https:\/\/listas.uncoma.edu.ar\/lists\/lt.php?tid=LB9XAQAACFNWVBgEDg5SH1VSAVFMUVsIBhgBUlBSVQcGAFoNAQREBFNRAwcIBFEfBFcLA0wEWwEBGAJWAQIaUFEAUghVU10CWg9RSQEFXwZZVl9STAMHXFQYVwZbBBpaUwFRFFUCXAEHVgMAWQYFAg\" target=\"_blank\" rel=\"noopener\">Maestr\u00eda en Comunicaci\u00f3n y Cultura<\/a>\u201d, y se encuentra abierto, adem\u00e1s, para profesionales externos interesados en la tem\u00e1tica.<\/p>\n<p><strong>Docente a cargo: Dra. Daniela Bruno.<\/strong><\/p>\n<p>Daniela Bruno es Doctora en Ciencias Sociales por la UBA. Es Profesora en la Universidad de Buenos Aires<br \/>\ny en la Universidad Nacional de La Plata. Es investigadora y asesora especializada en planificaci\u00f3n de la<br \/>\ncomunicaci\u00f3n estrat\u00e9gica; programaci\u00f3n con enfoque de derechos, g\u00e9neros y diversidad; comunicaci\u00f3n estrat\u00e9gica<br \/>\nen salud; comunicaci\u00f3n pol\u00edtica y gubernamental; an\u00e1lisis y dise\u00f1o de pol\u00edticas sociales y metodolog\u00eda de la<br \/>\ninvestigaci\u00f3n cient\u00edfica. Fue consultora de agencias de cooperaci\u00f3n (PNUD; BM; UNFPA; ONUMUJERES),<br \/>\norganismos gubernamentales (Ministerios de Educaci\u00f3n, Desarrollo Social y Salud de Argentina); sindicatos y<br \/>\norganizaciones de la sociedad civil. Entre 2012 y 2014 fue Secretaria Acad\u00e9mica de la Carrera de Ciencias de la<br \/>\nComunicaci\u00f3n de la UBA.<\/p>\n<p><strong>Destinatarios:<\/strong>\u00a0Graduados\/as de universidades en el campo de las Ciencias Sociales y Humanas. Quedan incluidas<br \/>\nLicenciatura y Profesorado en Comunicaci\u00f3n Social, Licenciatura y Profesorado en Cine y Medios Audiovisuales,<br \/>\nLicenciatura y Profesorado en Sociolog\u00eda, Licenciatura y profesorado en Antropolog\u00eda, Licenciatura en Ciencias<br \/>\nPol\u00edticas, Licenciatura en Psicolog\u00eda, Licenciatura y Profesorado en Historia, Licenciatura y Profesorado en Ciencias<br \/>\nde la Educaci\u00f3n, Licenciatura en Turismo, Licenciatura en Trabajo Social, Licenciatura y Profesorado en Artes y<br \/>\nLicenciatura y Profesorado en Letras, entre otras.<\/p>\n<p><a href=\"https:\/\/listas.uncoma.edu.ar\/lists\/lt.php?tid=LB9TAQBSCghbAhgADgFfH1UFXFJMCAEIVRhWBFYAUwEGW1oAUwBEBFNRAwcIBFEfBFcLA0wEWwEBGAJWAQIaUFEAUghVU10CWg9RSQEFXwZZVl9STAMHXFQYVwZbBBpaUwFRFFUCXAEHVgMAWQYFAg\" target=\"_blank\" rel=\"noopener\">Click aqu\u00ed para visualizar programa del curso<\/a><\/p>\n<p><strong>Cronograma:<\/strong><br \/>\n*jueves 11\/04 (de 18 a 21 hs)<br \/>\n*viernes 12\/04 (de 18 a 21 hs)<br \/>\n*s\u00e1bado 13\/04 (de 10 a 13 hs.)<br \/>\n*jueves 25\/04 (de 18 a 21 hs)<br \/>\n*viernes 26\/04 (de 18 a 21 hs)<br \/>\n*s\u00e1bado 27\/04 (de 10 a 13 hs.)<\/p>\n<p><strong>Modalidad de cursado:<\/strong>\u00a0Presencialidad virtual (6 encuentros a trav\u00e9s de Zoom). Previo a cada clase<br \/>\nse informar\u00e1 el enlace.<\/p>\n<p><strong>Procedimiento de inscripci\u00f3n:<\/strong>\u00a0Completar el presente\u00a0<a href=\"https:\/\/listas.uncoma.edu.ar\/lists\/lt.php?tid=LB9VCV1VCgkFVBhXCQYCH1VeAFFMUQZbVxgAB1BRAlJWUQcMV15EBFNRAwcIBFEfBFcLA0wEWwEBGAJWAQIaUFEAUghVU10CWg9RSQEFXwZZVl9STAMHXFQYVwZbBBpaUwFRFFUCXAEHVgMAWQYFAg\" target=\"_blank\" rel=\"noopener\">FORMULARIO<\/a>\u00a0de inscripci\u00f3n. Adjuntar en el mismo:<\/p>\n<ul>\n<li>DNI escaneado (frente y dorso, en un mismo documento PDF)<\/li>\n<li>Diploma de grado (frente y dorso, en un mismo documento PDF)<\/li>\n<li>CV abreviado con detalle de Nombre y Apellido, fecha de nacimiento, DNI \/CUIL, direcci\u00f3n postal y electr\u00f3nica, lugar\/es de trabajo actuales, tel\u00e9fono celular. En formato PDF.<\/li>\n<li>Constancia de pago (escaneada en PDF)<\/li>\n<\/ul>\n<p><strong>Importante: el formulario admite \u00fanicamente el formato PDF (escaneado) para la documentaci\u00f3n adjunta<\/strong>\u00a0(no foto ni imagen jpg).<\/p>\n<p>____________________________<br \/>\n<strong>Costo:<\/strong>\u00a0$25.000. Transferencias a la Cuenta Corriente CBU 19102380 55023800069796 \u2013 BANCO CREDICOOP<br \/>\nSUC. GENERAL ROCA \u2013 CUIT: 30-58676219-9 CTA. 238\/697\/9.<\/p>\n<ul>\n<li>Consultas sobre pagos:\u00a0<a href=\"mailto:andreachafrat@live.com.ar\">andreachafrat@live.com.ar<\/a><\/li>\n<\/ul>\n<p>____________________________<\/p>\n<p><strong>Consultas:<\/strong><\/p>\n<ul>\n<li><strong>Consultas generales:<\/strong>\u00a0Divisi\u00f3n Comunicaci\u00f3n Institucional de Posgrado<br \/>\nWhatsApp:\u00a0<a href=\"https:\/\/listas.uncoma.edu.ar\/lists\/lt.php?tid=LB8ADFRQDFQBBhhTDgVfH1UFWAFMUlpcUhhTUAcFAwZTVFIOAQVEBFNRAwcIBFEfBFcLA0wEWwEBGAJWAQIaUFEAUghVU10CWg9RSQEFXwZZVl9STAMHXFQYVwZbBBpaUwFRFFUCXAEHVgMAWQYFAg\" target=\"_blank\" rel=\"noopener\">+5492996723981<\/a><br \/>\nE-mail:\u00a0<a href=\"mailto:posgrado@fade.uncoma.edu.ar\">posgrado@fade.uncoma.edu.ar<\/a><\/li>\n<li><strong>Consultas sobre inscripciones:\u00a0<\/strong>\u00c1rea acad\u00e9mica de posgrado<br \/>\nWhatsApp:\u00a0<a href=\"https:\/\/listas.uncoma.edu.ar\/lists\/lt.php?tid=LB9RXVIACFYFDhgBAAdXH1UFWw9MUgYJVBgAUQZeAlNSAFAOUl5EBFNRAwcIBFEfBFcLA0wEWwEBGAJWAQIaUFEAUghVU10CWg9RSQEFXwZZVl9STAMHXFQYVwZbBBpaUwFRFFUCXAEHVgMAWQYFAg\" target=\"_blank\" rel=\"noopener\">+5492984668243<\/a><br \/>\nE-mail:\u00a0<a href=\"mailto:academica.posgrado@fade.uncoma.edu.ar\">academica.posgrado@fade.uncoma.edu.ar<\/a><\/li>\n<\/ul>\n<p>&nbsp;<\/p>\n","protected":false},"excerpt":{"rendered":"<p>Inscripciones abiertas &#8211; 40 hs. \u201cAn\u00e1lisis y estrategias comunicacionales\u201d\u00a0(Res. D. 153\/24) El Departamento de posgrado de la Facultad de Derecho y Ciencias Sociales \u2013 Universidad Nacional del Comahue informa que se encuentran abiertas las inscripciones para el presente\u00a0curso de posgrado. Se dicta en el marco de las carreras de posgrado\u00a0\u201cEspecializaci\u00f3n en Comunicaci\u00f3n y Culturas Contempor\u00e1neas\u201d\u00a0y [&hellip;]<\/p>\n","protected":false},"author":4,"featured_media":20195,"comment_status":"closed","ping_status":"closed","sticky":false,"template":"","format":"standard","meta":{"footnotes":""},"categories":[59,5,78],"tags":[],"class_list":["post-20194","post","type-post","status-publish","format-standard","has-post-thumbnail","hentry","category-comunicacion","category-notifadecs","category-posgrado"],"_links":{"self":[{"href":"https:\/\/fadeweb.uncoma.edu.ar\/index.php\/wp-json\/wp\/v2\/posts\/20194","targetHints":{"allow":["GET"]}}],"collection":[{"href":"https:\/\/fadeweb.uncoma.edu.ar\/index.php\/wp-json\/wp\/v2\/posts"}],"about":[{"href":"https:\/\/fadeweb.uncoma.edu.ar\/index.php\/wp-json\/wp\/v2\/types\/post"}],"author":[{"embeddable":true,"href":"https:\/\/fadeweb.uncoma.edu.ar\/index.php\/wp-json\/wp\/v2\/users\/4"}],"replies":[{"embeddable":true,"href":"https:\/\/fadeweb.uncoma.edu.ar\/index.php\/wp-json\/wp\/v2\/comments?post=20194"}],"version-history":[{"count":1,"href":"https:\/\/fadeweb.uncoma.edu.ar\/index.php\/wp-json\/wp\/v2\/posts\/20194\/revisions"}],"predecessor-version":[{"id":20196,"href":"https:\/\/fadeweb.uncoma.edu.ar\/index.php\/wp-json\/wp\/v2\/posts\/20194\/revisions\/20196"}],"wp:featuredmedia":[{"embeddable":true,"href":"https:\/\/fadeweb.uncoma.edu.ar\/index.php\/wp-json\/wp\/v2\/media\/20195"}],"wp:attachment":[{"href":"https:\/\/fadeweb.uncoma.edu.ar\/index.php\/wp-json\/wp\/v2\/media?parent=20194"}],"wp:term":[{"taxonomy":"category","embeddable":true,"href":"https:\/\/fadeweb.uncoma.edu.ar\/index.php\/wp-json\/wp\/v2\/categories?post=20194"},{"taxonomy":"post_tag","embeddable":true,"href":"https:\/\/fadeweb.uncoma.edu.ar\/index.php\/wp-json\/wp\/v2\/tags?post=20194"}],"curies":[{"name":"wp","href":"https:\/\/api.w.org\/{rel}","templated":true}]}}