{"id":19858,"date":"2024-03-01T08:14:50","date_gmt":"2024-03-01T11:14:50","guid":{"rendered":"https:\/\/fadeweb.uncoma.edu.ar\/?p=19858"},"modified":"2024-03-01T08:20:01","modified_gmt":"2024-03-01T11:20:01","slug":"el-legislador-provincial-luciano-delgado-sempe-comprometio-su-apoyo-a-la-fadecs","status":"publish","type":"post","link":"https:\/\/fadeweb.uncoma.edu.ar\/index.php\/2024\/03\/01\/el-legislador-provincial-luciano-delgado-sempe-comprometio-su-apoyo-a-la-fadecs\/","title":{"rendered":"EL LEGISLADOR PROVINCIAL LUCIANO DELGADO SEMP\u00c9 COMPROMETI\u00d3 SU APOYO A LA FADECS"},"content":{"rendered":"<p><img fetchpriority=\"high\" decoding=\"async\" class=\"alignnone wp-image-19859\" src=\"https:\/\/fadeweb.uncoma.edu.ar\/wp-content\/uploads\/2024\/03\/fernandez-anses.jpg\" alt=\"EL LEGISLADOR PROVINCIAL LUCIANO DELGADO SEMPE COMPROMETIO SU APOYO A LA FADECS El legislador provincial Luciano Delgado Semp\u00e9 mantuvo un encuentro con el decano de la Facultad de Derecho y Ciencias Sociales para interiorizarse sobre la problem\u00e1tica de la falta estructural de recursos que padece la facultad, como tambien sobre las estrategias para garantizar el desarrollo del ciclo lectivo 2024. El legislador, quien fuera estudiante de nuestra unidad academica, comprometi\u00f3 su total apoyo a la generaci\u00f3n de din\u00e1micas, proyectos y actividades en apoyo de la FADECS y de la educaci\u00f3n publica como derecho irrestricto. Nuestra instituci\u00f3n agradece su convocatoria y conf\u00eda en el trabajo conjunto para superar las dificultades estructurales y coyunturales que padece la universidad , y para atender adecuadamente a los nuevos requerimientos sociales.\" width=\"600\" height=\"600\" srcset=\"https:\/\/fadeweb.uncoma.edu.ar\/wp-content\/uploads\/2024\/03\/fernandez-anses.jpg 960w, https:\/\/fadeweb.uncoma.edu.ar\/wp-content\/uploads\/2024\/03\/fernandez-anses-300x300.jpg 300w, https:\/\/fadeweb.uncoma.edu.ar\/wp-content\/uploads\/2024\/03\/fernandez-anses-150x150.jpg 150w, https:\/\/fadeweb.uncoma.edu.ar\/wp-content\/uploads\/2024\/03\/fernandez-anses-768x768.jpg 768w\" sizes=\"(max-width: 600px) 100vw, 600px\" \/><\/p>\n<p>&nbsp;<\/p>\n<p>El legislador provincial Luciano Delgado Semp\u00e9 mantuvo un encuentro con el decano de la Facultad de Derecho y Ciencias Sociales para interiorizarse sobre la problem\u00e1tica de la falta estructural de recursos que padece la facultad, como tambi\u00e9n sobre las estrategias para garantizar el desarrollo del ciclo lectivo 2024.<\/p>\n<p>El legislador, quien fuera estudiante de nuestra unidad acad\u00e9mica, comprometi\u00f3 su total apoyo a la generaci\u00f3n de din\u00e1micas, proyectos y actividades en apoyo de la FADECS y de la educaci\u00f3n p\u00fablica como derecho irrestricto.<\/p>\n<p>Nuestra instituci\u00f3n agradece su convocatoria y conf\u00eda en el trabajo conjunto para superar las dificultades estructurales y coyunturales que padece la universidad , y para atender adecuadamente a los nuevos requerimientos sociales.<\/p>\n","protected":false},"excerpt":{"rendered":"<p>&nbsp; El legislador provincial Luciano Delgado Semp\u00e9 mantuvo un encuentro con el decano de la Facultad de Derecho y Ciencias Sociales para interiorizarse sobre la problem\u00e1tica de la falta estructural de recursos que padece la facultad, como tambi\u00e9n sobre las estrategias para garantizar el desarrollo del ciclo lectivo 2024. El legislador, quien fuera estudiante de [&hellip;]<\/p>\n","protected":false},"author":4,"featured_media":19859,"comment_status":"closed","ping_status":"closed","sticky":false,"template":"","format":"standard","meta":{"footnotes":""},"categories":[5],"tags":[],"class_list":["post-19858","post","type-post","status-publish","format-standard","has-post-thumbnail","hentry","category-notifadecs"],"_links":{"self":[{"href":"https:\/\/fadeweb.uncoma.edu.ar\/index.php\/wp-json\/wp\/v2\/posts\/19858","targetHints":{"allow":["GET"]}}],"collection":[{"href":"https:\/\/fadeweb.uncoma.edu.ar\/index.php\/wp-json\/wp\/v2\/posts"}],"about":[{"href":"https:\/\/fadeweb.uncoma.edu.ar\/index.php\/wp-json\/wp\/v2\/types\/post"}],"author":[{"embeddable":true,"href":"https:\/\/fadeweb.uncoma.edu.ar\/index.php\/wp-json\/wp\/v2\/users\/4"}],"replies":[{"embeddable":true,"href":"https:\/\/fadeweb.uncoma.edu.ar\/index.php\/wp-json\/wp\/v2\/comments?post=19858"}],"version-history":[{"count":3,"href":"https:\/\/fadeweb.uncoma.edu.ar\/index.php\/wp-json\/wp\/v2\/posts\/19858\/revisions"}],"predecessor-version":[{"id":19862,"href":"https:\/\/fadeweb.uncoma.edu.ar\/index.php\/wp-json\/wp\/v2\/posts\/19858\/revisions\/19862"}],"wp:featuredmedia":[{"embeddable":true,"href":"https:\/\/fadeweb.uncoma.edu.ar\/index.php\/wp-json\/wp\/v2\/media\/19859"}],"wp:attachment":[{"href":"https:\/\/fadeweb.uncoma.edu.ar\/index.php\/wp-json\/wp\/v2\/media?parent=19858"}],"wp:term":[{"taxonomy":"category","embeddable":true,"href":"https:\/\/fadeweb.uncoma.edu.ar\/index.php\/wp-json\/wp\/v2\/categories?post=19858"},{"taxonomy":"post_tag","embeddable":true,"href":"https:\/\/fadeweb.uncoma.edu.ar\/index.php\/wp-json\/wp\/v2\/tags?post=19858"}],"curies":[{"name":"wp","href":"https:\/\/api.w.org\/{rel}","templated":true}]}}