{"id":19393,"date":"2018-03-09T12:27:08","date_gmt":"2018-03-09T15:27:08","guid":{"rendered":"https:\/\/fadeweb.uncoma.edu.ar\/?p=19393"},"modified":"2024-02-20T12:27:50","modified_gmt":"2024-02-20T15:27:50","slug":"docente-de-la-unco-presenta-libro-sobre-adolescencia-y-salud","status":"publish","type":"post","link":"https:\/\/fadeweb.uncoma.edu.ar\/index.php\/2018\/03\/09\/docente-de-la-unco-presenta-libro-sobre-adolescencia-y-salud\/","title":{"rendered":"DOCENTE DE LA UNCO PRESENTA LIBRO SOBRE ADOLESCENCIA Y SALUD"},"content":{"rendered":"<p><img fetchpriority=\"high\" decoding=\"async\" class=\"alignnone size-large wp-image-19394\" src=\"https:\/\/fadeweb.uncoma.edu.ar\/wp-content\/uploads\/2024\/02\/norma-mora-1024x1024.jpg\" alt=\"\" width=\"800\" height=\"800\" srcset=\"https:\/\/fadeweb.uncoma.edu.ar\/wp-content\/uploads\/2024\/02\/norma-mora-1024x1024.jpg 1024w, https:\/\/fadeweb.uncoma.edu.ar\/wp-content\/uploads\/2024\/02\/norma-mora-300x300.jpg 300w, https:\/\/fadeweb.uncoma.edu.ar\/wp-content\/uploads\/2024\/02\/norma-mora-150x150.jpg 150w, https:\/\/fadeweb.uncoma.edu.ar\/wp-content\/uploads\/2024\/02\/norma-mora-768x768.jpg 768w, https:\/\/fadeweb.uncoma.edu.ar\/wp-content\/uploads\/2024\/02\/norma-mora-1536x1536.jpg 1536w, https:\/\/fadeweb.uncoma.edu.ar\/wp-content\/uploads\/2024\/02\/norma-mora.jpg 1560w\" sizes=\"(max-width: 800px) 100vw, 800px\" \/><\/p>\n<p class=\"texto\">El libro \u00abParticipaci\u00f3n Juvenil y Prevenci\u00f3n entre Pares Una estrategia saludable\u00bb (Publifadecs) de la docente Norma Mora, se presentar\u00e1 el viernes 16 de marzo a las 10:30 en la Biblioteca Popular Naciones Americanas, en\u00a0 S\u00e1enz Pe\u00f1a 274 de la ciudad de Allen. La autora es profesora adjunta en la c\u00e1tedra Teor\u00eda y Pr\u00e1ctica de Servicio en Comunidad, en tercero y cuarto a\u00f1o de la Licenciatura en Trabajo Social de la FADECS-UNCo.<\/p>\n<p class=\"texto\">La obra aborda la tem\u00e1tica de un proyecto de extensi\u00f3n de la FADECS aprobado en 2016, cuyo objeto de intervenci\u00f3n ser\u00e1 el fortalecimiento de actores vinculados al abordaje de los y las adolescentes en los \u00e1mbitos en donde desarrollan su cotidianeidad (escuelas, hospitales o centros de salud, municipios, clubes, iglesias, entre otros).<\/p>\n<p class=\"texto\">El proyecto se encuentra en la etapa de dise\u00f1o y su implementaci\u00f3n est\u00e1 prevista para el mes de abril, con una capacitaci\u00f3n territorial de los equipos que ya est\u00e1n trabajando en el Programa Preventores Juveniles del Ministerio de Salud de la provincia de R\u00edo Negro. Adem\u00e1s de Mora, directora del proyecto, participan la becaria estudiantil Agustina Gonz\u00e1lez Robledo, y las licenciadas Daniela Salas y Marcela Casta\u00f1\u00f3n.<\/p>\n<p class=\"texto\">En junio culmina la etapa de formaci\u00f3n de los actores involucrados en el programa, con un congreso que se desarrollar\u00e1 en las instalaciones de la FADECS. Ser\u00e1n dos d\u00edas consecutivos, jueves 28 y viernes 29 de junio, en los que participar\u00e1n destacados expositores y referentes program\u00e1ticos de Naci\u00f3n. Adem\u00e1s, est\u00e1n invitados los miembros de UNICEF Oficina Argentina, los doctores Fernando Zigman, Juan Carlos Escobar, Gabriela Perrotta, Alberto Simioni; miembros de Casa Fusa; y expositores regionales.<\/p>\n<p class=\"texto\">Durante dos d\u00edas se trabajar\u00e1 en la adquisici\u00f3n de herramientas conceptuales y metodol\u00f3gicas para promover dispositivos de participaci\u00f3n. La idea es involucrar a los j\u00f3venes en los temas que les interesa y preocupa, para la promoci\u00f3n de h\u00e1bitos de vida saludable.<\/p>\n<p class=\"texto\">El libro relata la experiencia de tres a\u00f1os de trabajo acontecida en la ciudad de Allen, en la que el equipo conducido por Mora arriba a conclusiones vinculadas a los aspectos favorables del ejercicio de la participaci\u00f3n juvenil en la salud propia y de la comunidad general. Esta actividad se lleva a cabo en forma conjunta entre la Universidad Nacional del Comahue y el Ministerio de Salud de R\u00edo Negro.<\/p>\n<p class=\"texto\">El decano y su equipo de gesti\u00f3n tiene el agrado de invitar a la comunidad universitaria a la presentaci\u00f3n del libro, al tiempo que hace extensivo el reconocimiento a la docente Norma Mora.<\/p>\n","protected":false},"excerpt":{"rendered":"<p>El libro \u00abParticipaci\u00f3n Juvenil y Prevenci\u00f3n entre Pares Una estrategia saludable\u00bb (Publifadecs) de la docente Norma Mora, se presentar\u00e1 el viernes 16 de marzo a las 10:30 en la Biblioteca Popular Naciones Americanas, en\u00a0 S\u00e1enz Pe\u00f1a 274 de la ciudad de Allen. La autora es profesora adjunta en la c\u00e1tedra Teor\u00eda y Pr\u00e1ctica de Servicio [&hellip;]<\/p>\n","protected":false},"author":2,"featured_media":19394,"comment_status":"closed","ping_status":"closed","sticky":false,"template":"","format":"standard","meta":{"footnotes":""},"categories":[11,5],"tags":[],"class_list":["post-19393","post","type-post","status-publish","format-standard","has-post-thumbnail","hentry","category-11","category-notifadecs"],"_links":{"self":[{"href":"https:\/\/fadeweb.uncoma.edu.ar\/index.php\/wp-json\/wp\/v2\/posts\/19393","targetHints":{"allow":["GET"]}}],"collection":[{"href":"https:\/\/fadeweb.uncoma.edu.ar\/index.php\/wp-json\/wp\/v2\/posts"}],"about":[{"href":"https:\/\/fadeweb.uncoma.edu.ar\/index.php\/wp-json\/wp\/v2\/types\/post"}],"author":[{"embeddable":true,"href":"https:\/\/fadeweb.uncoma.edu.ar\/index.php\/wp-json\/wp\/v2\/users\/2"}],"replies":[{"embeddable":true,"href":"https:\/\/fadeweb.uncoma.edu.ar\/index.php\/wp-json\/wp\/v2\/comments?post=19393"}],"version-history":[{"count":1,"href":"https:\/\/fadeweb.uncoma.edu.ar\/index.php\/wp-json\/wp\/v2\/posts\/19393\/revisions"}],"predecessor-version":[{"id":19395,"href":"https:\/\/fadeweb.uncoma.edu.ar\/index.php\/wp-json\/wp\/v2\/posts\/19393\/revisions\/19395"}],"wp:featuredmedia":[{"embeddable":true,"href":"https:\/\/fadeweb.uncoma.edu.ar\/index.php\/wp-json\/wp\/v2\/media\/19394"}],"wp:attachment":[{"href":"https:\/\/fadeweb.uncoma.edu.ar\/index.php\/wp-json\/wp\/v2\/media?parent=19393"}],"wp:term":[{"taxonomy":"category","embeddable":true,"href":"https:\/\/fadeweb.uncoma.edu.ar\/index.php\/wp-json\/wp\/v2\/categories?post=19393"},{"taxonomy":"post_tag","embeddable":true,"href":"https:\/\/fadeweb.uncoma.edu.ar\/index.php\/wp-json\/wp\/v2\/tags?post=19393"}],"curies":[{"name":"wp","href":"https:\/\/api.w.org\/{rel}","templated":true}]}}